{"id":9451,"date":"2025-09-18T20:06:01","date_gmt":"2025-09-18T18:06:01","guid":{"rendered":"https:\/\/987aldia.com\/web\/vigilantes-ciudadanos-se-unen-para-combatir-el-caos-en-los-estacionamientos-de-leon\/"},"modified":"2025-09-18T20:06:01","modified_gmt":"2025-09-18T18:06:01","slug":"vigilantes-ciudadanos-se-unen-para-combatir-el-caos-en-los-estacionamientos-de-leon","status":"publish","type":"post","link":"https:\/\/987aldia.com\/web\/vigilantes-ciudadanos-se-unen-para-combatir-el-caos-en-los-estacionamientos-de-leon\/","title":{"rendered":"Vigilantes ciudadanos se unen para combatir el caos en los estacionamientos de Le\u00f3n"},"content":{"rendered":"<p>En las calles de Le\u00f3n ha surgido un fen\u00f3meno peculiar que est\u00e1 causando revuelo entre los conductores: los justicieros del aparcamiento. Estos misteriosos individuos han tomado la justicia en sus propias manos y han comenzado a marcar con pegatinas amenazadoras y rayones los veh\u00edculos que se estacionan de forma indebida en \u00e1reas de la zona centro.<\/p>\n<p>La presencia de estas acciones ha generado controversia en la ciudad, ya que algunos consideran que estos justicieros est\u00e1n actuando de manera arbitraria y violenta, mientras que otros los ven como una especie de vigilantes que buscan hacer cumplir las normas de tr\u00e1fico.<\/p>\n<p>Ante esta situaci\u00f3n, las autoridades locales han anunciado que se est\u00e1n investigando estos actos vand\u00e1licos y se han comprometido a tomar medidas para evitar que se repitan. Mientras tanto, los conductores est\u00e1n en alerta y procuran estacionar sus veh\u00edculos de manera correcta para evitar convertirse en blanco de los justicieros del aparcamiento.<\/p>\n","protected":false},"excerpt":{"rendered":"<p>En las calles de Le\u00f3n ha surgido un fen\u00f3meno peculiar que est\u00e1 causando revuelo entre los conductores: los justicieros del aparcamiento. Estos misteriosos individuos han tomado la justicia en sus propias manos y han comenzado a marcar con pegatinas amenazadoras y rayones los veh\u00edculos que se estacionan de forma indebida en \u00e1reas de la zona [&hellip;]<\/p>\n","protected":false},"author":1,"featured_media":9452,"comment_status":"open","ping_status":"closed","sticky":false,"template":"","format":"standard","meta":{"_monsterinsights_skip_tracking":false,"_monsterinsights_sitenote_active":false,"_monsterinsights_sitenote_note":"","_monsterinsights_sitenote_category":0,"site-container-style":"default","site-container-layout":"default","site-sidebar-layout":"default","disable-article-header":"default","disable-site-header":"default","disable-site-footer":"default","disable-content-area-spacing":"default","_jetpack_memberships_contains_paid_content":false,"footnotes":"","jetpack_publicize_message":"","jetpack_publicize_feature_enabled":true,"jetpack_social_post_already_shared":true,"jetpack_social_options":{"image_generator_settings":{"template":"highway","default_image_id":0,"font":"","enabled":false},"version":2}},"categories":[1],"tags":[],"class_list":["post-9451","post","type-post","status-publish","format-standard","has-post-thumbnail","hentry","category-uncategorized"],"jetpack_publicize_connections":[],"jetpack_featured_media_url":"https:\/\/987aldia.com\/web\/wp-content\/uploads\/2025\/09\/openai-image-1758218761.png","jetpack_sharing_enabled":true,"_links":{"self":[{"href":"https:\/\/987aldia.com\/web\/wp-json\/wp\/v2\/posts\/9451","targetHints":{"allow":["GET"]}}],"collection":[{"href":"https:\/\/987aldia.com\/web\/wp-json\/wp\/v2\/posts"}],"about":[{"href":"https:\/\/987aldia.com\/web\/wp-json\/wp\/v2\/types\/post"}],"author":[{"embeddable":true,"href":"https:\/\/987aldia.com\/web\/wp-json\/wp\/v2\/users\/1"}],"replies":[{"embeddable":true,"href":"https:\/\/987aldia.com\/web\/wp-json\/wp\/v2\/comments?post=9451"}],"version-history":[{"count":0,"href":"https:\/\/987aldia.com\/web\/wp-json\/wp\/v2\/posts\/9451\/revisions"}],"wp:featuredmedia":[{"embeddable":true,"href":"https:\/\/987aldia.com\/web\/wp-json\/wp\/v2\/media\/9452"}],"wp:attachment":[{"href":"https:\/\/987aldia.com\/web\/wp-json\/wp\/v2\/media?parent=9451"}],"wp:term":[{"taxonomy":"category","embeddable":true,"href":"https:\/\/987aldia.com\/web\/wp-json\/wp\/v2\/categories?post=9451"},{"taxonomy":"post_tag","embeddable":true,"href":"https:\/\/987aldia.com\/web\/wp-json\/wp\/v2\/tags?post=9451"}],"curies":[{"name":"wp","href":"https:\/\/api.w.org\/{rel}","templated":true}]}}