{"id":9453,"date":"2025-09-18T22:05:28","date_gmt":"2025-09-18T20:05:28","guid":{"rendered":"https:\/\/987aldia.com\/web\/vecinos-de-puente-castro-se-movilizan-en-protesta-contra-la-planta-de-biomasa-impactantes-imagenes-captadas\/"},"modified":"2025-09-18T22:05:28","modified_gmt":"2025-09-18T20:05:28","slug":"vecinos-de-puente-castro-se-movilizan-en-protesta-contra-la-planta-de-biomasa-impactantes-imagenes-captadas","status":"publish","type":"post","link":"https:\/\/987aldia.com\/web\/vecinos-de-puente-castro-se-movilizan-en-protesta-contra-la-planta-de-biomasa-impactantes-imagenes-captadas\/","title":{"rendered":"Vecinos de Puente Castro se movilizan en protesta contra la planta de biomasa: impactantes im\u00e1genes captadas."},"content":{"rendered":"<p>Los residentes de Puente Castro han alzado su voz en una en\u00e9rgica protesta contra la planta de biomasa que se planea instalar en su localidad. Aseguran que este tipo de instalaciones, conocidas como \u00abmacroplantas\u00bb, representan un grave riesgo para la salud y el medio ambiente de la comunidad. Entre las principales preocupaciones de los vecinos se encuentran la posible generaci\u00f3n de olores desagradables, contaminaci\u00f3n ambiental y la emisi\u00f3n de gases t\u00f3xicos.<\/p>\n<p>La movilizaci\u00f3n de los residentes ha sido contundente, manifest\u00e1ndose de manera pac\u00edfica pero firme en su rechazo a la planta de biomasa. Expertos en medio ambiente y salud p\u00fablica han respaldado las preocupaciones de la comunidad, advirtiendo sobre los potenciales impactos negativos que podr\u00eda tener la instalaci\u00f3n de esta infraestructura en la zona.<\/p>\n<p>Las autoridades locales se encuentran en medio de una dif\u00edcil encrucijada, entre el impulso econ\u00f3mico que podr\u00eda representar la planta de biomasa y la leg\u00edtima preocupaci\u00f3n de los vecinos por su bienestar. La presi\u00f3n social y la necesidad de tomar decisiones responsables en materia de desarrollo sostenible est\u00e1n en juego en este conflicto que ha despertado un intenso debate en la opini\u00f3n p\u00fablica.<\/p>\n","protected":false},"excerpt":{"rendered":"<p>Los residentes de Puente Castro han alzado su voz en una en\u00e9rgica protesta contra la planta de biomasa que se planea instalar en su localidad. Aseguran que este tipo de instalaciones, conocidas como \u00abmacroplantas\u00bb, representan un grave riesgo para la salud y el medio ambiente de la comunidad. Entre las principales preocupaciones de los vecinos [&hellip;]<\/p>\n","protected":false},"author":1,"featured_media":9454,"comment_status":"open","ping_status":"closed","sticky":false,"template":"","format":"standard","meta":{"_monsterinsights_skip_tracking":false,"_monsterinsights_sitenote_active":false,"_monsterinsights_sitenote_note":"","_monsterinsights_sitenote_category":0,"site-container-style":"default","site-container-layout":"default","site-sidebar-layout":"default","disable-article-header":"default","disable-site-header":"default","disable-site-footer":"default","disable-content-area-spacing":"default","_jetpack_memberships_contains_paid_content":false,"footnotes":"","jetpack_publicize_message":"","jetpack_publicize_feature_enabled":true,"jetpack_social_post_already_shared":true,"jetpack_social_options":{"image_generator_settings":{"template":"highway","default_image_id":0,"font":"","enabled":false},"version":2}},"categories":[1],"tags":[],"class_list":["post-9453","post","type-post","status-publish","format-standard","has-post-thumbnail","hentry","category-uncategorized"],"jetpack_publicize_connections":[],"jetpack_featured_media_url":"https:\/\/987aldia.com\/web\/wp-content\/uploads\/2025\/09\/openai-image-1758225928.png","jetpack_sharing_enabled":true,"_links":{"self":[{"href":"https:\/\/987aldia.com\/web\/wp-json\/wp\/v2\/posts\/9453","targetHints":{"allow":["GET"]}}],"collection":[{"href":"https:\/\/987aldia.com\/web\/wp-json\/wp\/v2\/posts"}],"about":[{"href":"https:\/\/987aldia.com\/web\/wp-json\/wp\/v2\/types\/post"}],"author":[{"embeddable":true,"href":"https:\/\/987aldia.com\/web\/wp-json\/wp\/v2\/users\/1"}],"replies":[{"embeddable":true,"href":"https:\/\/987aldia.com\/web\/wp-json\/wp\/v2\/comments?post=9453"}],"version-history":[{"count":0,"href":"https:\/\/987aldia.com\/web\/wp-json\/wp\/v2\/posts\/9453\/revisions"}],"wp:featuredmedia":[{"embeddable":true,"href":"https:\/\/987aldia.com\/web\/wp-json\/wp\/v2\/media\/9454"}],"wp:attachment":[{"href":"https:\/\/987aldia.com\/web\/wp-json\/wp\/v2\/media?parent=9453"}],"wp:term":[{"taxonomy":"category","embeddable":true,"href":"https:\/\/987aldia.com\/web\/wp-json\/wp\/v2\/categories?post=9453"},{"taxonomy":"post_tag","embeddable":true,"href":"https:\/\/987aldia.com\/web\/wp-json\/wp\/v2\/tags?post=9453"}],"curies":[{"name":"wp","href":"https:\/\/api.w.org\/{rel}","templated":true}]}}