{"id":9470,"date":"2025-09-19T14:05:41","date_gmt":"2025-09-19T12:05:41","guid":{"rendered":"https:\/\/987aldia.com\/web\/europa-busca-soluciones-para-proteger-la-tebaida-berciana-segun-expertos\/"},"modified":"2025-09-19T14:05:41","modified_gmt":"2025-09-19T12:05:41","slug":"europa-busca-soluciones-para-proteger-la-tebaida-berciana-segun-expertos","status":"publish","type":"post","link":"https:\/\/987aldia.com\/web\/europa-busca-soluciones-para-proteger-la-tebaida-berciana-segun-expertos\/","title":{"rendered":"Europa busca soluciones para proteger la Tebaida Berciana seg\u00fan expertos"},"content":{"rendered":"<p>Un grupo de 60 expertos europeos se han reunido para discutir la necesidad urgente de implementar un plan de conservaci\u00f3n para la Tebaida Berciana, una regi\u00f3n de gran valor patrimonial en Espa\u00f1a. Durante tres d\u00edas, estos especialistas debatir\u00e1n sobre las medidas necesarias para proteger y preservar este importante enclave, que alberga una rica historia cultural y natural.<\/p>\n<p>La Tebaida Berciana, conocida por sus impresionantes paisajes y su legado hist\u00f3rico, ha sido objeto de preocupaci\u00f3n debido a la falta de un plan integral de gesti\u00f3n que garantice su salvaguarda a largo plazo. Ante esta situaci\u00f3n, los expertos se han propuesto analizar en profundidad los desaf\u00edos y oportunidades que enfrenta la regi\u00f3n, con el objetivo de ofrecer soluciones concretas y sostenibles.<\/p>\n<p>Entre los temas que se abordar\u00e1n en este encuentro se encuentran la conservaci\u00f3n del patrimonio arquitect\u00f3nico, la protecci\u00f3n de la biodiversidad local y el fomento del turismo sostenible. Se espera que las conclusiones y recomendaciones resultantes de estas jornadas contribuyan a la elaboraci\u00f3n de un plan de acci\u00f3n que garantice la preservaci\u00f3n de la Tebaida Berciana para las generaciones futuras.<\/p>\n<p>La importancia de este debate no solo radica en la protecci\u00f3n de un tesoro cultural y natural, sino tambi\u00e9n en el impulso que podr\u00eda significar para la econom\u00eda local y el desarrollo sostenible de la regi\u00f3n. Los expertos, conscientes de la relevancia de su labor, trabajar\u00e1n arduamente para aportar su experiencia y conocimientos en beneficio de la Tebaida Berciana y de sus habitantes.<\/p>\n","protected":false},"excerpt":{"rendered":"<p>Un grupo de 60 expertos europeos se han reunido para discutir la necesidad urgente de implementar un plan de conservaci\u00f3n para la Tebaida Berciana, una regi\u00f3n de gran valor patrimonial en Espa\u00f1a. Durante tres d\u00edas, estos especialistas debatir\u00e1n sobre las medidas necesarias para proteger y preservar este importante enclave, que alberga una rica historia cultural [&hellip;]<\/p>\n","protected":false},"author":1,"featured_media":9471,"comment_status":"open","ping_status":"closed","sticky":false,"template":"","format":"standard","meta":{"_monsterinsights_skip_tracking":false,"_monsterinsights_sitenote_active":false,"_monsterinsights_sitenote_note":"","_monsterinsights_sitenote_category":0,"site-container-style":"default","site-container-layout":"default","site-sidebar-layout":"default","disable-article-header":"default","disable-site-header":"default","disable-site-footer":"default","disable-content-area-spacing":"default","_jetpack_memberships_contains_paid_content":false,"footnotes":"","jetpack_publicize_message":"","jetpack_publicize_feature_enabled":true,"jetpack_social_post_already_shared":true,"jetpack_social_options":{"image_generator_settings":{"template":"highway","default_image_id":0,"font":"","enabled":false},"version":2}},"categories":[1],"tags":[],"class_list":["post-9470","post","type-post","status-publish","format-standard","has-post-thumbnail","hentry","category-uncategorized"],"jetpack_publicize_connections":[],"jetpack_featured_media_url":"https:\/\/987aldia.com\/web\/wp-content\/uploads\/2025\/09\/openai-image-1758283541.png","jetpack_sharing_enabled":true,"_links":{"self":[{"href":"https:\/\/987aldia.com\/web\/wp-json\/wp\/v2\/posts\/9470","targetHints":{"allow":["GET"]}}],"collection":[{"href":"https:\/\/987aldia.com\/web\/wp-json\/wp\/v2\/posts"}],"about":[{"href":"https:\/\/987aldia.com\/web\/wp-json\/wp\/v2\/types\/post"}],"author":[{"embeddable":true,"href":"https:\/\/987aldia.com\/web\/wp-json\/wp\/v2\/users\/1"}],"replies":[{"embeddable":true,"href":"https:\/\/987aldia.com\/web\/wp-json\/wp\/v2\/comments?post=9470"}],"version-history":[{"count":0,"href":"https:\/\/987aldia.com\/web\/wp-json\/wp\/v2\/posts\/9470\/revisions"}],"wp:featuredmedia":[{"embeddable":true,"href":"https:\/\/987aldia.com\/web\/wp-json\/wp\/v2\/media\/9471"}],"wp:attachment":[{"href":"https:\/\/987aldia.com\/web\/wp-json\/wp\/v2\/media?parent=9470"}],"wp:term":[{"taxonomy":"category","embeddable":true,"href":"https:\/\/987aldia.com\/web\/wp-json\/wp\/v2\/categories?post=9470"},{"taxonomy":"post_tag","embeddable":true,"href":"https:\/\/987aldia.com\/web\/wp-json\/wp\/v2\/tags?post=9470"}],"curies":[{"name":"wp","href":"https:\/\/api.w.org\/{rel}","templated":true}]}}