{"id":9474,"date":"2025-09-19T18:06:27","date_gmt":"2025-09-19T16:06:27","guid":{"rendered":"https:\/\/987aldia.com\/web\/el-festival-selfest-se-expande-a-el-bierzo-con-un-enfoque-en-la-reforestacion\/"},"modified":"2025-09-19T18:06:27","modified_gmt":"2025-09-19T16:06:27","slug":"el-festival-selfest-se-expande-a-el-bierzo-con-un-enfoque-en-la-reforestacion","status":"publish","type":"post","link":"https:\/\/987aldia.com\/web\/el-festival-selfest-se-expande-a-el-bierzo-con-un-enfoque-en-la-reforestacion\/","title":{"rendered":"El Festival Selfest se expande a El Bierzo con un enfoque en la reforestaci\u00f3n."},"content":{"rendered":"<p>El Festival Selfest, un evento que promueve la conexi\u00f3n con uno mismo y con la naturaleza, ha anunciado su llegada a la regi\u00f3n de El Bierzo, con una propuesta innovadora que va m\u00e1s all\u00e1 del entretenimiento. Este encuentro, que se llevar\u00e1 a cabo en el impresionante enclave natural de La Moncloa de San L\u00e1zaro, no solo ofrecer\u00e1 m\u00fasica y actividades culturales, sino que tambi\u00e9n destinar\u00e1 parte de sus beneficios a un importante proyecto de reforestaci\u00f3n en la zona.<\/p>\n<p>Conscientes de la importancia de preservar el entorno natural y de contribuir a la lucha contra el cambio clim\u00e1tico, los organizadores de Selfest han decidido apostar por la sostenibilidad y la responsabilidad ambiental. De esta forma, no solo brindar\u00e1n a los asistentes una experiencia \u00fanica en un entorno privilegiado, sino que tambi\u00e9n dejar\u00e1n una huella positiva en la comunidad local a trav\u00e9s de la reforestaci\u00f3n.<\/p>\n<p>La Moncloa de San L\u00e1zaro, con su belleza natural y su ambiente tranquilo, se presenta como el escenario ideal para disfrutar de la m\u00fasica en vivo, talleres de bienestar y otras actividades que promueven el autocuidado y el equilibrio personal. Todo ello enmarcado en un contexto de conciencia ambiental y compromiso con la conservaci\u00f3n del medio ambiente.<\/p>\n<p>Sin duda, el Festival Selfest en El Bierzo se perfila como una propuesta diferente y enriquecedora, donde la m\u00fasica, la naturaleza y la solidaridad se unen para ofrecer una experiencia inolvidable a los asistentes, al tiempo que contribuyen a la protecci\u00f3n y restauraci\u00f3n de los bosques de la regi\u00f3n.<\/p>\n","protected":false},"excerpt":{"rendered":"<p>El Festival Selfest, un evento que promueve la conexi\u00f3n con uno mismo y con la naturaleza, ha anunciado su llegada a la regi\u00f3n de El Bierzo, con una propuesta innovadora que va m\u00e1s all\u00e1 del entretenimiento. Este encuentro, que se llevar\u00e1 a cabo en el impresionante enclave natural de La Moncloa de San L\u00e1zaro, no [&hellip;]<\/p>\n","protected":false},"author":1,"featured_media":9475,"comment_status":"open","ping_status":"closed","sticky":false,"template":"","format":"standard","meta":{"_monsterinsights_skip_tracking":false,"_monsterinsights_sitenote_active":false,"_monsterinsights_sitenote_note":"","_monsterinsights_sitenote_category":0,"site-container-style":"default","site-container-layout":"default","site-sidebar-layout":"default","disable-article-header":"default","disable-site-header":"default","disable-site-footer":"default","disable-content-area-spacing":"default","_jetpack_memberships_contains_paid_content":false,"footnotes":"","jetpack_publicize_message":"","jetpack_publicize_feature_enabled":true,"jetpack_social_post_already_shared":true,"jetpack_social_options":{"image_generator_settings":{"template":"highway","default_image_id":0,"font":"","enabled":false},"version":2}},"categories":[1],"tags":[],"class_list":["post-9474","post","type-post","status-publish","format-standard","has-post-thumbnail","hentry","category-uncategorized"],"jetpack_publicize_connections":[],"jetpack_featured_media_url":"https:\/\/987aldia.com\/web\/wp-content\/uploads\/2025\/09\/openai-image-1758297987.png","jetpack_sharing_enabled":true,"_links":{"self":[{"href":"https:\/\/987aldia.com\/web\/wp-json\/wp\/v2\/posts\/9474","targetHints":{"allow":["GET"]}}],"collection":[{"href":"https:\/\/987aldia.com\/web\/wp-json\/wp\/v2\/posts"}],"about":[{"href":"https:\/\/987aldia.com\/web\/wp-json\/wp\/v2\/types\/post"}],"author":[{"embeddable":true,"href":"https:\/\/987aldia.com\/web\/wp-json\/wp\/v2\/users\/1"}],"replies":[{"embeddable":true,"href":"https:\/\/987aldia.com\/web\/wp-json\/wp\/v2\/comments?post=9474"}],"version-history":[{"count":0,"href":"https:\/\/987aldia.com\/web\/wp-json\/wp\/v2\/posts\/9474\/revisions"}],"wp:featuredmedia":[{"embeddable":true,"href":"https:\/\/987aldia.com\/web\/wp-json\/wp\/v2\/media\/9475"}],"wp:attachment":[{"href":"https:\/\/987aldia.com\/web\/wp-json\/wp\/v2\/media?parent=9474"}],"wp:term":[{"taxonomy":"category","embeddable":true,"href":"https:\/\/987aldia.com\/web\/wp-json\/wp\/v2\/categories?post=9474"},{"taxonomy":"post_tag","embeddable":true,"href":"https:\/\/987aldia.com\/web\/wp-json\/wp\/v2\/tags?post=9474"}],"curies":[{"name":"wp","href":"https:\/\/api.w.org\/{rel}","templated":true}]}}