{"id":9478,"date":"2025-09-19T22:06:22","date_gmt":"2025-09-19T20:06:22","guid":{"rendered":"https:\/\/987aldia.com\/web\/inauguracion-del-mercado-de-temporada-en-perez-colino-hoy\/"},"modified":"2025-09-19T22:06:22","modified_gmt":"2025-09-19T20:06:22","slug":"inauguracion-del-mercado-de-temporada-en-perez-colino-hoy","status":"publish","type":"post","link":"https:\/\/987aldia.com\/web\/inauguracion-del-mercado-de-temporada-en-perez-colino-hoy\/","title":{"rendered":"Inauguraci\u00f3n del mercado de temporada en P\u00e9rez Colino hoy"},"content":{"rendered":"<p>Hoy es un d\u00eda especial para los habitantes de P\u00e9rez Colino, ya que finalmente abre sus puertas el mercado de temporada en la localidad. Con una gran variedad de productos frescos y locales, este mercado se convierte en el punto de encuentro perfecto para los vecinos y visitantes que buscan alimentos de calidad y de proximidad.<\/p>\n<p>Los agricultores y productores de la zona han trabajado arduamente para ofrecer sus mejores productos en este mercado, promoviendo as\u00ed el consumo responsable y sostenible. Frutas, verduras, l\u00e1cteos, pan reci\u00e9n horneado y otros alimentos saludables estar\u00e1n disponibles para todos aquellos que se acerquen a conocer y disfrutar de lo que la tierra de P\u00e9rez Colino tiene para ofrecer.<\/p>\n<p>Adem\u00e1s de ser un espacio para la compra de alimentos, el mercado de temporada se convierte en un lugar de encuentro y de intercambio cultural, donde se pueden compartir recetas, consejos culinarios y experiencias entre los asistentes. Sin duda, esta iniciativa contribuye al fortalecimiento de la comunidad y al fomento de una alimentaci\u00f3n consciente.<\/p>\n<p>As\u00ed que si est\u00e1s en P\u00e9rez Colino o en sus alrededores, no puedes perderte la oportunidad de visitar el mercado de temporada y disfrutar de la frescura y calidad de los productos locales. \u00a1Una experiencia que seguro valdr\u00e1 la pena!<\/p>\n","protected":false},"excerpt":{"rendered":"<p>Hoy es un d\u00eda especial para los habitantes de P\u00e9rez Colino, ya que finalmente abre sus puertas el mercado de temporada en la localidad. Con una gran variedad de productos frescos y locales, este mercado se convierte en el punto de encuentro perfecto para los vecinos y visitantes que buscan alimentos de calidad y de [&hellip;]<\/p>\n","protected":false},"author":1,"featured_media":9479,"comment_status":"open","ping_status":"closed","sticky":false,"template":"","format":"standard","meta":{"_monsterinsights_skip_tracking":false,"_monsterinsights_sitenote_active":false,"_monsterinsights_sitenote_note":"","_monsterinsights_sitenote_category":0,"site-container-style":"default","site-container-layout":"default","site-sidebar-layout":"default","disable-article-header":"default","disable-site-header":"default","disable-site-footer":"default","disable-content-area-spacing":"default","_jetpack_memberships_contains_paid_content":false,"footnotes":"","jetpack_publicize_message":"","jetpack_publicize_feature_enabled":true,"jetpack_social_post_already_shared":true,"jetpack_social_options":{"image_generator_settings":{"template":"highway","default_image_id":0,"font":"","enabled":false},"version":2}},"categories":[1],"tags":[],"class_list":["post-9478","post","type-post","status-publish","format-standard","has-post-thumbnail","hentry","category-uncategorized"],"jetpack_publicize_connections":[],"jetpack_featured_media_url":"https:\/\/987aldia.com\/web\/wp-content\/uploads\/2025\/09\/openai-image-1758312382.png","jetpack_sharing_enabled":true,"_links":{"self":[{"href":"https:\/\/987aldia.com\/web\/wp-json\/wp\/v2\/posts\/9478","targetHints":{"allow":["GET"]}}],"collection":[{"href":"https:\/\/987aldia.com\/web\/wp-json\/wp\/v2\/posts"}],"about":[{"href":"https:\/\/987aldia.com\/web\/wp-json\/wp\/v2\/types\/post"}],"author":[{"embeddable":true,"href":"https:\/\/987aldia.com\/web\/wp-json\/wp\/v2\/users\/1"}],"replies":[{"embeddable":true,"href":"https:\/\/987aldia.com\/web\/wp-json\/wp\/v2\/comments?post=9478"}],"version-history":[{"count":0,"href":"https:\/\/987aldia.com\/web\/wp-json\/wp\/v2\/posts\/9478\/revisions"}],"wp:featuredmedia":[{"embeddable":true,"href":"https:\/\/987aldia.com\/web\/wp-json\/wp\/v2\/media\/9479"}],"wp:attachment":[{"href":"https:\/\/987aldia.com\/web\/wp-json\/wp\/v2\/media?parent=9478"}],"wp:term":[{"taxonomy":"category","embeddable":true,"href":"https:\/\/987aldia.com\/web\/wp-json\/wp\/v2\/categories?post=9478"},{"taxonomy":"post_tag","embeddable":true,"href":"https:\/\/987aldia.com\/web\/wp-json\/wp\/v2\/tags?post=9478"}],"curies":[{"name":"wp","href":"https:\/\/api.w.org\/{rel}","templated":true}]}}