{"id":9514,"date":"2025-09-21T10:07:53","date_gmt":"2025-09-21T08:07:53","guid":{"rendered":"https:\/\/987aldia.com\/web\/yolanda-diaz-acelera-la-reforma-del-despido-en-un-nuevo-contraataque-decisivo\/"},"modified":"2025-09-21T10:07:53","modified_gmt":"2025-09-21T08:07:53","slug":"yolanda-diaz-acelera-la-reforma-del-despido-en-un-nuevo-contraataque-decisivo","status":"publish","type":"post","link":"https:\/\/987aldia.com\/web\/yolanda-diaz-acelera-la-reforma-del-despido-en-un-nuevo-contraataque-decisivo\/","title":{"rendered":"Yolanda D\u00edaz acelera la reforma del despido en un nuevo contraataque decisivo"},"content":{"rendered":"<p>La ministra de Trabajo, Yolanda D\u00edaz, ha vuelto a la carga con su propuesta de reforma del despido, generando revuelo entre sindicatos y empresarios. Con la intenci\u00f3n de agilizar el proceso, D\u00edaz ha convocado a ambas partes a sentarse a la mesa en octubre para negociar una indemnizaci\u00f3n que considere justa y equitativa para los trabajadores.<\/p>\n<p>Esta decisi\u00f3n ha desatado la pol\u00e9mica y ha sido interpretada como un desaf\u00edo directo a los intereses empresariales, lo que podr\u00eda desencadenar una nueva confrontaci\u00f3n en el \u00e1mbito laboral. La postura firme de la ministra refleja su determinaci\u00f3n por impulsar cambios significativos en el mercado laboral, poniendo en primer plano la defensa de los derechos de los trabajadores.<\/p>\n<p>La inminente negociaci\u00f3n entre sindicatos y patronal promete ser un escenario de tensiones y discrepancias, en el que se pondr\u00e1n en juego intereses divergentes. La reforma del despido se posiciona como uno de los temas m\u00e1s controvertidos en la agenda pol\u00edtica actual, con Yolanda D\u00edaz como protagonista indiscutible de esta nueva batalla por los derechos laborales.<\/p>\n","protected":false},"excerpt":{"rendered":"<p>La ministra de Trabajo, Yolanda D\u00edaz, ha vuelto a la carga con su propuesta de reforma del despido, generando revuelo entre sindicatos y empresarios. Con la intenci\u00f3n de agilizar el proceso, D\u00edaz ha convocado a ambas partes a sentarse a la mesa en octubre para negociar una indemnizaci\u00f3n que considere justa y equitativa para los [&hellip;]<\/p>\n","protected":false},"author":1,"featured_media":9515,"comment_status":"open","ping_status":"closed","sticky":false,"template":"","format":"standard","meta":{"_monsterinsights_skip_tracking":false,"_monsterinsights_sitenote_active":false,"_monsterinsights_sitenote_note":"","_monsterinsights_sitenote_category":0,"site-container-style":"default","site-container-layout":"default","site-sidebar-layout":"default","disable-article-header":"default","disable-site-header":"default","disable-site-footer":"default","disable-content-area-spacing":"default","_jetpack_memberships_contains_paid_content":false,"footnotes":"","jetpack_publicize_message":"","jetpack_publicize_feature_enabled":true,"jetpack_social_post_already_shared":true,"jetpack_social_options":{"image_generator_settings":{"template":"highway","default_image_id":0,"font":"","enabled":false},"version":2}},"categories":[1],"tags":[],"class_list":["post-9514","post","type-post","status-publish","format-standard","has-post-thumbnail","hentry","category-uncategorized"],"jetpack_publicize_connections":[],"jetpack_featured_media_url":"https:\/\/987aldia.com\/web\/wp-content\/uploads\/2025\/09\/openai-image-1758442073.png","jetpack_sharing_enabled":true,"_links":{"self":[{"href":"https:\/\/987aldia.com\/web\/wp-json\/wp\/v2\/posts\/9514","targetHints":{"allow":["GET"]}}],"collection":[{"href":"https:\/\/987aldia.com\/web\/wp-json\/wp\/v2\/posts"}],"about":[{"href":"https:\/\/987aldia.com\/web\/wp-json\/wp\/v2\/types\/post"}],"author":[{"embeddable":true,"href":"https:\/\/987aldia.com\/web\/wp-json\/wp\/v2\/users\/1"}],"replies":[{"embeddable":true,"href":"https:\/\/987aldia.com\/web\/wp-json\/wp\/v2\/comments?post=9514"}],"version-history":[{"count":0,"href":"https:\/\/987aldia.com\/web\/wp-json\/wp\/v2\/posts\/9514\/revisions"}],"wp:featuredmedia":[{"embeddable":true,"href":"https:\/\/987aldia.com\/web\/wp-json\/wp\/v2\/media\/9515"}],"wp:attachment":[{"href":"https:\/\/987aldia.com\/web\/wp-json\/wp\/v2\/media?parent=9514"}],"wp:term":[{"taxonomy":"category","embeddable":true,"href":"https:\/\/987aldia.com\/web\/wp-json\/wp\/v2\/categories?post=9514"},{"taxonomy":"post_tag","embeddable":true,"href":"https:\/\/987aldia.com\/web\/wp-json\/wp\/v2\/tags?post=9514"}],"curies":[{"name":"wp","href":"https:\/\/api.w.org\/{rel}","templated":true}]}}