{"id":9520,"date":"2025-09-21T16:06:59","date_gmt":"2025-09-21T14:06:59","guid":{"rendered":"https:\/\/987aldia.com\/web\/la-ministra-de-vivienda-condena-la-xenofobia-como-causa-del-problema-actual\/"},"modified":"2025-09-21T16:06:59","modified_gmt":"2025-09-21T14:06:59","slug":"la-ministra-de-vivienda-condena-la-xenofobia-como-causa-del-problema-actual","status":"publish","type":"post","link":"https:\/\/987aldia.com\/web\/la-ministra-de-vivienda-condena-la-xenofobia-como-causa-del-problema-actual\/","title":{"rendered":"La ministra de Vivienda condena la xenofobia como causa del problema actual"},"content":{"rendered":"<p>La ministra de Vivienda ha manifestado su firme postura en contra de culpar a la inmigraci\u00f3n por los problemas actuales en el pa\u00eds. En un claro mensaje, ha calificado de ruin y reprochable la actitud de se\u00f1alar a los inmigrantes como responsables de las dificultades en el sector de la vivienda. De esta manera, la ministra ha defendido la importancia de abordar el problema desde una perspectiva m\u00e1s amplia y justa, evitando caer en discursos xen\u00f3fobos y discriminatorios. Esta declaraci\u00f3n ha generado un debate en la opini\u00f3n p\u00fablica sobre la necesidad de promover un enfoque inclusivo y solidario en la sociedad, reconociendo la diversidad como un valor y no como una amenaza.<\/p>\n","protected":false},"excerpt":{"rendered":"<p>La ministra de Vivienda ha manifestado su firme postura en contra de culpar a la inmigraci\u00f3n por los problemas actuales en el pa\u00eds. En un claro mensaje, ha calificado de ruin y reprochable la actitud de se\u00f1alar a los inmigrantes como responsables de las dificultades en el sector de la vivienda. De esta manera, la [&hellip;]<\/p>\n","protected":false},"author":1,"featured_media":9521,"comment_status":"open","ping_status":"closed","sticky":false,"template":"","format":"standard","meta":{"_monsterinsights_skip_tracking":false,"_monsterinsights_sitenote_active":false,"_monsterinsights_sitenote_note":"","_monsterinsights_sitenote_category":0,"site-container-style":"default","site-container-layout":"default","site-sidebar-layout":"default","disable-article-header":"default","disable-site-header":"default","disable-site-footer":"default","disable-content-area-spacing":"default","_jetpack_memberships_contains_paid_content":false,"footnotes":"","jetpack_publicize_message":"","jetpack_publicize_feature_enabled":true,"jetpack_social_post_already_shared":true,"jetpack_social_options":{"image_generator_settings":{"template":"highway","default_image_id":0,"font":"","enabled":false},"version":2}},"categories":[1],"tags":[],"class_list":["post-9520","post","type-post","status-publish","format-standard","has-post-thumbnail","hentry","category-uncategorized"],"jetpack_publicize_connections":[],"jetpack_featured_media_url":"https:\/\/987aldia.com\/web\/wp-content\/uploads\/2025\/09\/openai-image-1758463619.png","jetpack_sharing_enabled":true,"_links":{"self":[{"href":"https:\/\/987aldia.com\/web\/wp-json\/wp\/v2\/posts\/9520","targetHints":{"allow":["GET"]}}],"collection":[{"href":"https:\/\/987aldia.com\/web\/wp-json\/wp\/v2\/posts"}],"about":[{"href":"https:\/\/987aldia.com\/web\/wp-json\/wp\/v2\/types\/post"}],"author":[{"embeddable":true,"href":"https:\/\/987aldia.com\/web\/wp-json\/wp\/v2\/users\/1"}],"replies":[{"embeddable":true,"href":"https:\/\/987aldia.com\/web\/wp-json\/wp\/v2\/comments?post=9520"}],"version-history":[{"count":0,"href":"https:\/\/987aldia.com\/web\/wp-json\/wp\/v2\/posts\/9520\/revisions"}],"wp:featuredmedia":[{"embeddable":true,"href":"https:\/\/987aldia.com\/web\/wp-json\/wp\/v2\/media\/9521"}],"wp:attachment":[{"href":"https:\/\/987aldia.com\/web\/wp-json\/wp\/v2\/media?parent=9520"}],"wp:term":[{"taxonomy":"category","embeddable":true,"href":"https:\/\/987aldia.com\/web\/wp-json\/wp\/v2\/categories?post=9520"},{"taxonomy":"post_tag","embeddable":true,"href":"https:\/\/987aldia.com\/web\/wp-json\/wp\/v2\/tags?post=9520"}],"curies":[{"name":"wp","href":"https:\/\/api.w.org\/{rel}","templated":true}]}}