{"id":9522,"date":"2025-09-21T18:06:04","date_gmt":"2025-09-21T16:06:04","guid":{"rendered":"https:\/\/987aldia.com\/web\/recortan-ayudas-al-alquiler-para-las-comunidades-rebeldes-del-pp\/"},"modified":"2025-09-21T18:06:04","modified_gmt":"2025-09-21T16:06:04","slug":"recortan-ayudas-al-alquiler-para-las-comunidades-rebeldes-del-pp","status":"publish","type":"post","link":"https:\/\/987aldia.com\/web\/recortan-ayudas-al-alquiler-para-las-comunidades-rebeldes-del-pp\/","title":{"rendered":"\u00abRecortan ayudas al alquiler para las comunidades rebeldes del PP\u00bb"},"content":{"rendered":"<p>Las tensiones internas en el seno del Partido Popular han cobrado un nuevo cap\u00edtulo con la decisi\u00f3n de no otorgar ayudas al alquiler a las comunidades consideradas \u00abd\u00edscolas\u00bb dentro de la formaci\u00f3n. Esta medida, que ha generado controversia y malestar entre los sectores cr\u00edticos del partido, ha sido interpretada como un intento de castigo por parte de la c\u00fapula dirigente.<\/p>\n<p>Las comunidades aut\u00f3nomas que han mostrado posturas discordantes con la l\u00ednea oficial del PP se ver\u00e1n privadas de un recurso fundamental para aquellos ciudadanos que buscan acceder a una vivienda en alquiler. Este movimiento ha sido calificado por algunos como un claro intento de coartar la libertad de expresi\u00f3n y de disidencia dentro del partido, generando un clima de descontento y desconfianza entre sus miembros.<\/p>\n<p>Ante esta situaci\u00f3n, voces cr\u00edticas han denunciado la falta de transparencia y de equidad en la distribuci\u00f3n de las ayudas al alquiler, se\u00f1alando que estas decisiones podr\u00edan tener un trasfondo pol\u00edtico m\u00e1s que un inter\u00e9s genuino por el bienestar de la ciudadan\u00eda. La pol\u00e9mica est\u00e1 servida en el seno del PP, donde las fisuras internas amenazan con profundizarse a\u00fan m\u00e1s a ra\u00edz de este pol\u00e9mico recorte.<\/p>\n","protected":false},"excerpt":{"rendered":"<p>Las tensiones internas en el seno del Partido Popular han cobrado un nuevo cap\u00edtulo con la decisi\u00f3n de no otorgar ayudas al alquiler a las comunidades consideradas \u00abd\u00edscolas\u00bb dentro de la formaci\u00f3n. Esta medida, que ha generado controversia y malestar entre los sectores cr\u00edticos del partido, ha sido interpretada como un intento de castigo por [&hellip;]<\/p>\n","protected":false},"author":1,"featured_media":9523,"comment_status":"open","ping_status":"closed","sticky":false,"template":"","format":"standard","meta":{"_monsterinsights_skip_tracking":false,"_monsterinsights_sitenote_active":false,"_monsterinsights_sitenote_note":"","_monsterinsights_sitenote_category":0,"site-container-style":"default","site-container-layout":"default","site-sidebar-layout":"default","disable-article-header":"default","disable-site-header":"default","disable-site-footer":"default","disable-content-area-spacing":"default","_jetpack_memberships_contains_paid_content":false,"footnotes":"","jetpack_publicize_message":"","jetpack_publicize_feature_enabled":true,"jetpack_social_post_already_shared":true,"jetpack_social_options":{"image_generator_settings":{"template":"highway","default_image_id":0,"font":"","enabled":false},"version":2}},"categories":[1],"tags":[],"class_list":["post-9522","post","type-post","status-publish","format-standard","has-post-thumbnail","hentry","category-uncategorized"],"jetpack_publicize_connections":[],"jetpack_featured_media_url":"https:\/\/987aldia.com\/web\/wp-content\/uploads\/2025\/09\/openai-image-1758470764.png","jetpack_sharing_enabled":true,"_links":{"self":[{"href":"https:\/\/987aldia.com\/web\/wp-json\/wp\/v2\/posts\/9522","targetHints":{"allow":["GET"]}}],"collection":[{"href":"https:\/\/987aldia.com\/web\/wp-json\/wp\/v2\/posts"}],"about":[{"href":"https:\/\/987aldia.com\/web\/wp-json\/wp\/v2\/types\/post"}],"author":[{"embeddable":true,"href":"https:\/\/987aldia.com\/web\/wp-json\/wp\/v2\/users\/1"}],"replies":[{"embeddable":true,"href":"https:\/\/987aldia.com\/web\/wp-json\/wp\/v2\/comments?post=9522"}],"version-history":[{"count":0,"href":"https:\/\/987aldia.com\/web\/wp-json\/wp\/v2\/posts\/9522\/revisions"}],"wp:featuredmedia":[{"embeddable":true,"href":"https:\/\/987aldia.com\/web\/wp-json\/wp\/v2\/media\/9523"}],"wp:attachment":[{"href":"https:\/\/987aldia.com\/web\/wp-json\/wp\/v2\/media?parent=9522"}],"wp:term":[{"taxonomy":"category","embeddable":true,"href":"https:\/\/987aldia.com\/web\/wp-json\/wp\/v2\/categories?post=9522"},{"taxonomy":"post_tag","embeddable":true,"href":"https:\/\/987aldia.com\/web\/wp-json\/wp\/v2\/tags?post=9522"}],"curies":[{"name":"wp","href":"https:\/\/api.w.org\/{rel}","templated":true}]}}