{"id":9524,"date":"2025-09-21T20:06:01","date_gmt":"2025-09-21T18:06:01","guid":{"rendered":"https:\/\/987aldia.com\/web\/bruselas-se-compromete-a-respaldar-la-conexion-electrica-entre-espana-y-francia\/"},"modified":"2025-09-21T20:06:01","modified_gmt":"2025-09-21T18:06:01","slug":"bruselas-se-compromete-a-respaldar-la-conexion-electrica-entre-espana-y-francia","status":"publish","type":"post","link":"https:\/\/987aldia.com\/web\/bruselas-se-compromete-a-respaldar-la-conexion-electrica-entre-espana-y-francia\/","title":{"rendered":"Bruselas se compromete a respaldar la conexi\u00f3n el\u00e9ctrica entre Espa\u00f1a y Francia"},"content":{"rendered":"<p>La Uni\u00f3n Europea ha dado un paso importante en la promoci\u00f3n de la interconexi\u00f3n energ\u00e9tica entre Espa\u00f1a y Francia. Bruselas ha anunciado que el Banco Europeo de Inversiones (BEI) se compromete a financiar el proyecto con la impresionante suma de 1.600 millones de euros. Esta inversi\u00f3n significativa no solo fortalecer\u00e1 los lazos energ\u00e9ticos entre ambos pa\u00edses, sino que tambi\u00e9n impulsar\u00e1 la integraci\u00f3n de sus redes el\u00e9ctricas.<\/p>\n<p>La interconexi\u00f3n entre Espa\u00f1a y Francia es crucial para garantizar un suministro energ\u00e9tico estable y sostenible en la regi\u00f3n. A trav\u00e9s de esta financiaci\u00f3n, se espera mejorar la eficiencia energ\u00e9tica, reducir la dependencia de combustibles f\u00f3siles y fomentar el desarrollo de energ\u00edas renovables. Adem\u00e1s, esta iniciativa contribuir\u00e1 a la creaci\u00f3n de empleo y al impulso econ\u00f3mico en la zona.<\/p>\n<p>El compromiso del BEI en este proyecto subraya la importancia de la cooperaci\u00f3n europea en materia energ\u00e9tica y el firme compromiso de la UE con la transici\u00f3n hacia un sistema energ\u00e9tico m\u00e1s limpio y sostenible. Se espera que esta interconexi\u00f3n no solo beneficie a Espa\u00f1a y Francia, sino que tambi\u00e9n fortalezca la seguridad energ\u00e9tica en toda la Uni\u00f3n Europea.<\/p>\n","protected":false},"excerpt":{"rendered":"<p>La Uni\u00f3n Europea ha dado un paso importante en la promoci\u00f3n de la interconexi\u00f3n energ\u00e9tica entre Espa\u00f1a y Francia. Bruselas ha anunciado que el Banco Europeo de Inversiones (BEI) se compromete a financiar el proyecto con la impresionante suma de 1.600 millones de euros. Esta inversi\u00f3n significativa no solo fortalecer\u00e1 los lazos energ\u00e9ticos entre ambos [&hellip;]<\/p>\n","protected":false},"author":1,"featured_media":9525,"comment_status":"open","ping_status":"closed","sticky":false,"template":"","format":"standard","meta":{"_monsterinsights_skip_tracking":false,"_monsterinsights_sitenote_active":false,"_monsterinsights_sitenote_note":"","_monsterinsights_sitenote_category":0,"site-container-style":"default","site-container-layout":"default","site-sidebar-layout":"default","disable-article-header":"default","disable-site-header":"default","disable-site-footer":"default","disable-content-area-spacing":"default","_jetpack_memberships_contains_paid_content":false,"footnotes":"","jetpack_publicize_message":"","jetpack_publicize_feature_enabled":true,"jetpack_social_post_already_shared":true,"jetpack_social_options":{"image_generator_settings":{"template":"highway","default_image_id":0,"font":"","enabled":false},"version":2}},"categories":[1],"tags":[],"class_list":["post-9524","post","type-post","status-publish","format-standard","has-post-thumbnail","hentry","category-uncategorized"],"jetpack_publicize_connections":[],"jetpack_featured_media_url":"https:\/\/987aldia.com\/web\/wp-content\/uploads\/2025\/09\/openai-image-1758477961.png","jetpack_sharing_enabled":true,"_links":{"self":[{"href":"https:\/\/987aldia.com\/web\/wp-json\/wp\/v2\/posts\/9524","targetHints":{"allow":["GET"]}}],"collection":[{"href":"https:\/\/987aldia.com\/web\/wp-json\/wp\/v2\/posts"}],"about":[{"href":"https:\/\/987aldia.com\/web\/wp-json\/wp\/v2\/types\/post"}],"author":[{"embeddable":true,"href":"https:\/\/987aldia.com\/web\/wp-json\/wp\/v2\/users\/1"}],"replies":[{"embeddable":true,"href":"https:\/\/987aldia.com\/web\/wp-json\/wp\/v2\/comments?post=9524"}],"version-history":[{"count":0,"href":"https:\/\/987aldia.com\/web\/wp-json\/wp\/v2\/posts\/9524\/revisions"}],"wp:featuredmedia":[{"embeddable":true,"href":"https:\/\/987aldia.com\/web\/wp-json\/wp\/v2\/media\/9525"}],"wp:attachment":[{"href":"https:\/\/987aldia.com\/web\/wp-json\/wp\/v2\/media?parent=9524"}],"wp:term":[{"taxonomy":"category","embeddable":true,"href":"https:\/\/987aldia.com\/web\/wp-json\/wp\/v2\/categories?post=9524"},{"taxonomy":"post_tag","embeddable":true,"href":"https:\/\/987aldia.com\/web\/wp-json\/wp\/v2\/tags?post=9524"}],"curies":[{"name":"wp","href":"https:\/\/api.w.org\/{rel}","templated":true}]}}