{"id":9528,"date":"2025-09-22T00:05:58","date_gmt":"2025-09-21T22:05:58","guid":{"rendered":"https:\/\/987aldia.com\/web\/sanchez-revela-plan-de-subvenciones-de-30-000-euros-para-vivienda\/"},"modified":"2025-09-22T00:05:58","modified_gmt":"2025-09-21T22:05:58","slug":"sanchez-revela-plan-de-subvenciones-de-30-000-euros-para-vivienda","status":"publish","type":"post","link":"https:\/\/987aldia.com\/web\/sanchez-revela-plan-de-subvenciones-de-30-000-euros-para-vivienda\/","title":{"rendered":"S\u00e1nchez revela plan de subvenciones de 30.000 euros para vivienda"},"content":{"rendered":"<p>El presidente del gobierno, Pedro S\u00e1nchez, ha dado a conocer un nuevo plan de ayudas destinado al sector de la vivienda. Seg\u00fan lo anunciado, se otorgar\u00e1n 30.000 euros a aquellos ciudadanos que necesiten asistencia para el pago de las rentas de alquiler de sus viviendas, con la particularidad de que estas cantidades ser\u00e1n descontadas del precio final en caso de compra futura.<\/p>\n<p>Esta medida, que pretende aliviar la carga econ\u00f3mica de aquellos que se encuentran en situaci\u00f3n de vulnerabilidad habitacional, ha sido recibida con opiniones encontradas por parte de diversos sectores de la sociedad. Mientras que algunos la ven como un paso positivo en la direcci\u00f3n de garantizar el derecho a una vivienda digna, otros la critican por considerarla insuficiente ante la magnitud de la crisis habitacional que atraviesa el pa\u00eds.<\/p>\n<p>El gobierno, por su parte, ha destacado que estas ayudas representan un primer paso en un plan m\u00e1s amplio destinado a abordar la problem\u00e1tica de la vivienda en Espa\u00f1a. Se espera que en los pr\u00f3ximos meses se implementen nuevas medidas que contribuyan a facilitar el acceso a una vivienda adecuada para todos los ciudadanos.<\/p>\n","protected":false},"excerpt":{"rendered":"<p>El presidente del gobierno, Pedro S\u00e1nchez, ha dado a conocer un nuevo plan de ayudas destinado al sector de la vivienda. Seg\u00fan lo anunciado, se otorgar\u00e1n 30.000 euros a aquellos ciudadanos que necesiten asistencia para el pago de las rentas de alquiler de sus viviendas, con la particularidad de que estas cantidades ser\u00e1n descontadas del [&hellip;]<\/p>\n","protected":false},"author":1,"featured_media":9529,"comment_status":"open","ping_status":"closed","sticky":false,"template":"","format":"standard","meta":{"_monsterinsights_skip_tracking":false,"_monsterinsights_sitenote_active":false,"_monsterinsights_sitenote_note":"","_monsterinsights_sitenote_category":0,"site-container-style":"default","site-container-layout":"default","site-sidebar-layout":"default","disable-article-header":"default","disable-site-header":"default","disable-site-footer":"default","disable-content-area-spacing":"default","_jetpack_memberships_contains_paid_content":false,"footnotes":"","jetpack_publicize_message":"","jetpack_publicize_feature_enabled":true,"jetpack_social_post_already_shared":true,"jetpack_social_options":{"image_generator_settings":{"template":"highway","default_image_id":0,"font":"","enabled":false},"version":2}},"categories":[1],"tags":[],"class_list":["post-9528","post","type-post","status-publish","format-standard","has-post-thumbnail","hentry","category-uncategorized"],"jetpack_publicize_connections":[],"jetpack_featured_media_url":"https:\/\/987aldia.com\/web\/wp-content\/uploads\/2025\/09\/openai-image-1758492358.png","jetpack_sharing_enabled":true,"_links":{"self":[{"href":"https:\/\/987aldia.com\/web\/wp-json\/wp\/v2\/posts\/9528","targetHints":{"allow":["GET"]}}],"collection":[{"href":"https:\/\/987aldia.com\/web\/wp-json\/wp\/v2\/posts"}],"about":[{"href":"https:\/\/987aldia.com\/web\/wp-json\/wp\/v2\/types\/post"}],"author":[{"embeddable":true,"href":"https:\/\/987aldia.com\/web\/wp-json\/wp\/v2\/users\/1"}],"replies":[{"embeddable":true,"href":"https:\/\/987aldia.com\/web\/wp-json\/wp\/v2\/comments?post=9528"}],"version-history":[{"count":0,"href":"https:\/\/987aldia.com\/web\/wp-json\/wp\/v2\/posts\/9528\/revisions"}],"wp:featuredmedia":[{"embeddable":true,"href":"https:\/\/987aldia.com\/web\/wp-json\/wp\/v2\/media\/9529"}],"wp:attachment":[{"href":"https:\/\/987aldia.com\/web\/wp-json\/wp\/v2\/media?parent=9528"}],"wp:term":[{"taxonomy":"category","embeddable":true,"href":"https:\/\/987aldia.com\/web\/wp-json\/wp\/v2\/categories?post=9528"},{"taxonomy":"post_tag","embeddable":true,"href":"https:\/\/987aldia.com\/web\/wp-json\/wp\/v2\/tags?post=9528"}],"curies":[{"name":"wp","href":"https:\/\/api.w.org\/{rel}","templated":true}]}}