{"id":9536,"date":"2025-09-22T08:05:31","date_gmt":"2025-09-22T06:05:31","guid":{"rendered":"https:\/\/987aldia.com\/web\/lideres-del-pp-y-psoe-anticipan-la-apertura-inminente-de-la-a-76\/"},"modified":"2025-09-22T08:05:31","modified_gmt":"2025-09-22T06:05:31","slug":"lideres-del-pp-y-psoe-anticipan-la-apertura-inminente-de-la-a-76","status":"publish","type":"post","link":"https:\/\/987aldia.com\/web\/lideres-del-pp-y-psoe-anticipan-la-apertura-inminente-de-la-a-76\/","title":{"rendered":"L\u00edderes del PP y PSOE anticipan la apertura inminente de la A-76"},"content":{"rendered":"<p>Las autoridades del Partido Popular (PP) y del Partido Socialista Obrero Espa\u00f1ol (PSOE) han manifestado su optimismo respecto al avance de la construcci\u00f3n de la autopista A-76. El ministro de Transportes, \u00d3scar Puente, ha se\u00f1alado que existe la posibilidad de licitar el primer tramo de esta importante v\u00eda antes de que finalice el a\u00f1o en curso.<\/p>\n<p>La A-76, tambi\u00e9n conocida como Autov\u00eda del Carb\u00f3n, es una infraestructura largamente esperada en la comunidad, ya que se espera que contribuya significativamente al desarrollo econ\u00f3mico y social de la zona. Su construcci\u00f3n ha sido objeto de debate y controversia durante a\u00f1os, pero parece que finalmente se est\u00e1n dando pasos concretos hacia su realizaci\u00f3n.<\/p>\n<p>Tanto desde el PP como desde el PSOE se han destacado los beneficios que la A-76 traer\u00e1 consigo, como la mejora de la conectividad entre diferentes localidades, la dinamizaci\u00f3n de la actividad econ\u00f3mica y la creaci\u00f3n de empleo en la regi\u00f3n. Sin duda, la posible licitaci\u00f3n del primer tramo de esta autopista representa un hito importante en su desarrollo y en el cumplimiento de las expectativas de la ciudadan\u00eda.<\/p>\n","protected":false},"excerpt":{"rendered":"<p>Las autoridades del Partido Popular (PP) y del Partido Socialista Obrero Espa\u00f1ol (PSOE) han manifestado su optimismo respecto al avance de la construcci\u00f3n de la autopista A-76. El ministro de Transportes, \u00d3scar Puente, ha se\u00f1alado que existe la posibilidad de licitar el primer tramo de esta importante v\u00eda antes de que finalice el a\u00f1o en [&hellip;]<\/p>\n","protected":false},"author":1,"featured_media":9537,"comment_status":"open","ping_status":"closed","sticky":false,"template":"","format":"standard","meta":{"_monsterinsights_skip_tracking":false,"_monsterinsights_sitenote_active":false,"_monsterinsights_sitenote_note":"","_monsterinsights_sitenote_category":0,"site-container-style":"default","site-container-layout":"default","site-sidebar-layout":"default","disable-article-header":"default","disable-site-header":"default","disable-site-footer":"default","disable-content-area-spacing":"default","_jetpack_memberships_contains_paid_content":false,"footnotes":"","jetpack_publicize_message":"","jetpack_publicize_feature_enabled":true,"jetpack_social_post_already_shared":true,"jetpack_social_options":{"image_generator_settings":{"template":"highway","default_image_id":0,"font":"","enabled":false},"version":2}},"categories":[1],"tags":[],"class_list":["post-9536","post","type-post","status-publish","format-standard","has-post-thumbnail","hentry","category-uncategorized"],"jetpack_publicize_connections":[],"jetpack_featured_media_url":"https:\/\/987aldia.com\/web\/wp-content\/uploads\/2025\/09\/openai-image-1758521131.png","jetpack_sharing_enabled":true,"_links":{"self":[{"href":"https:\/\/987aldia.com\/web\/wp-json\/wp\/v2\/posts\/9536","targetHints":{"allow":["GET"]}}],"collection":[{"href":"https:\/\/987aldia.com\/web\/wp-json\/wp\/v2\/posts"}],"about":[{"href":"https:\/\/987aldia.com\/web\/wp-json\/wp\/v2\/types\/post"}],"author":[{"embeddable":true,"href":"https:\/\/987aldia.com\/web\/wp-json\/wp\/v2\/users\/1"}],"replies":[{"embeddable":true,"href":"https:\/\/987aldia.com\/web\/wp-json\/wp\/v2\/comments?post=9536"}],"version-history":[{"count":0,"href":"https:\/\/987aldia.com\/web\/wp-json\/wp\/v2\/posts\/9536\/revisions"}],"wp:featuredmedia":[{"embeddable":true,"href":"https:\/\/987aldia.com\/web\/wp-json\/wp\/v2\/media\/9537"}],"wp:attachment":[{"href":"https:\/\/987aldia.com\/web\/wp-json\/wp\/v2\/media?parent=9536"}],"wp:term":[{"taxonomy":"category","embeddable":true,"href":"https:\/\/987aldia.com\/web\/wp-json\/wp\/v2\/categories?post=9536"},{"taxonomy":"post_tag","embeddable":true,"href":"https:\/\/987aldia.com\/web\/wp-json\/wp\/v2\/tags?post=9536"}],"curies":[{"name":"wp","href":"https:\/\/api.w.org\/{rel}","templated":true}]}}