{"id":9538,"date":"2025-09-22T10:06:26","date_gmt":"2025-09-22T08:06:26","guid":{"rendered":"https:\/\/987aldia.com\/web\/ivan-rodriguez-destaca-el-dinamismo-del-comercio-en-el-centro-de-ponferrada\/"},"modified":"2025-09-22T10:06:26","modified_gmt":"2025-09-22T08:06:26","slug":"ivan-rodriguez-destaca-el-dinamismo-del-comercio-en-el-centro-de-ponferrada","status":"publish","type":"post","link":"https:\/\/987aldia.com\/web\/ivan-rodriguez-destaca-el-dinamismo-del-comercio-en-el-centro-de-ponferrada\/","title":{"rendered":"Iv\u00e1n Rodr\u00edguez destaca el dinamismo del comercio en el centro de Ponferrada."},"content":{"rendered":"<p>El optimismo renace en el comercio del centro de Ponferrada, seg\u00fan las declaraciones de Iv\u00e1n Rodr\u00edguez, presidente de la asociaci\u00f3n de comerciantes El Centro Mola. En una entrevista exclusiva, Rodr\u00edguez destaca que es evidente que la actividad comercial en la zona c\u00e9ntrica de la ciudad est\u00e1 experimentando una revitalizaci\u00f3n. Se\u00f1ala que, a pesar de los desaf\u00edos que han enfrentado, el sector est\u00e1 encaminado hacia la recuperaci\u00f3n, dejando atr\u00e1s la sombra de d\u00edas dif\u00edciles.<\/p>\n<p>En este sentido, el presidente de El Centro Mola enfatiza la importancia de revalorizar la ciudad a trav\u00e9s del comercio local y de proximidad. Destaca que el tejido comercial del centro de Ponferrada es un pilar fundamental para la dinamizaci\u00f3n econ\u00f3mica y social de la regi\u00f3n, generando empleo y contribuyendo al atractivo tur\u00edstico de la zona.<\/p>\n<p>Las declaraciones de Rodr\u00edguez reflejan un cambio de perspectiva en el panorama comercial de la ciudad, donde la esperanza y la confianza en el futuro se abren paso. Los comerciantes de Ponferrada se muestran decididos a seguir adelante, adapt\u00e1ndose a las nuevas realidades y apostando por la reactivaci\u00f3n econ\u00f3mica local.<\/p>\n<p>En definitiva, la entrevista con Iv\u00e1n Rodr\u00edguez deja entrever una luz al final del t\u00fanel para el comercio del centro de Ponferrada, que se afianza como motor de progreso y vitalidad en la ciudad.<\/p>\n","protected":false},"excerpt":{"rendered":"<p>El optimismo renace en el comercio del centro de Ponferrada, seg\u00fan las declaraciones de Iv\u00e1n Rodr\u00edguez, presidente de la asociaci\u00f3n de comerciantes El Centro Mola. En una entrevista exclusiva, Rodr\u00edguez destaca que es evidente que la actividad comercial en la zona c\u00e9ntrica de la ciudad est\u00e1 experimentando una revitalizaci\u00f3n. Se\u00f1ala que, a pesar de los [&hellip;]<\/p>\n","protected":false},"author":1,"featured_media":9539,"comment_status":"open","ping_status":"closed","sticky":false,"template":"","format":"standard","meta":{"_monsterinsights_skip_tracking":false,"_monsterinsights_sitenote_active":false,"_monsterinsights_sitenote_note":"","_monsterinsights_sitenote_category":0,"site-container-style":"default","site-container-layout":"default","site-sidebar-layout":"default","disable-article-header":"default","disable-site-header":"default","disable-site-footer":"default","disable-content-area-spacing":"default","_jetpack_memberships_contains_paid_content":false,"footnotes":"","jetpack_publicize_message":"","jetpack_publicize_feature_enabled":true,"jetpack_social_post_already_shared":true,"jetpack_social_options":{"image_generator_settings":{"template":"highway","default_image_id":0,"font":"","enabled":false},"version":2}},"categories":[1],"tags":[],"class_list":["post-9538","post","type-post","status-publish","format-standard","has-post-thumbnail","hentry","category-uncategorized"],"jetpack_publicize_connections":[],"jetpack_featured_media_url":"https:\/\/987aldia.com\/web\/wp-content\/uploads\/2025\/09\/openai-image-1758528386.png","jetpack_sharing_enabled":true,"_links":{"self":[{"href":"https:\/\/987aldia.com\/web\/wp-json\/wp\/v2\/posts\/9538","targetHints":{"allow":["GET"]}}],"collection":[{"href":"https:\/\/987aldia.com\/web\/wp-json\/wp\/v2\/posts"}],"about":[{"href":"https:\/\/987aldia.com\/web\/wp-json\/wp\/v2\/types\/post"}],"author":[{"embeddable":true,"href":"https:\/\/987aldia.com\/web\/wp-json\/wp\/v2\/users\/1"}],"replies":[{"embeddable":true,"href":"https:\/\/987aldia.com\/web\/wp-json\/wp\/v2\/comments?post=9538"}],"version-history":[{"count":0,"href":"https:\/\/987aldia.com\/web\/wp-json\/wp\/v2\/posts\/9538\/revisions"}],"wp:featuredmedia":[{"embeddable":true,"href":"https:\/\/987aldia.com\/web\/wp-json\/wp\/v2\/media\/9539"}],"wp:attachment":[{"href":"https:\/\/987aldia.com\/web\/wp-json\/wp\/v2\/media?parent=9538"}],"wp:term":[{"taxonomy":"category","embeddable":true,"href":"https:\/\/987aldia.com\/web\/wp-json\/wp\/v2\/categories?post=9538"},{"taxonomy":"post_tag","embeddable":true,"href":"https:\/\/987aldia.com\/web\/wp-json\/wp\/v2\/tags?post=9538"}],"curies":[{"name":"wp","href":"https:\/\/api.w.org\/{rel}","templated":true}]}}