{"id":9540,"date":"2025-09-22T12:05:30","date_gmt":"2025-09-22T10:05:30","guid":{"rendered":"https:\/\/987aldia.com\/web\/camponaraya-inaugura-en-octubre-su-centro-de-dia-y-residencia-para-personas-mayores\/"},"modified":"2025-09-22T12:05:30","modified_gmt":"2025-09-22T10:05:30","slug":"camponaraya-inaugura-en-octubre-su-centro-de-dia-y-residencia-para-personas-mayores","status":"publish","type":"post","link":"https:\/\/987aldia.com\/web\/camponaraya-inaugura-en-octubre-su-centro-de-dia-y-residencia-para-personas-mayores\/","title":{"rendered":"Camponaraya inaugura en octubre su centro de d\u00eda y residencia para personas mayores."},"content":{"rendered":"<p>El municipio de Camponaraya se prepara para la apertura de un nuevo centro de d\u00eda y una moderna residencia durante el mes de octubre. As\u00ed lo ha anunciado el alcalde de la localidad, Eduardo Mor\u00e1n, quien adem\u00e1s revel\u00f3 que el barrio de El Brazal contar\u00e1 con un acceso viario renovado para mejorar la conectividad en la zona.<\/p>\n<p>Estas nuevas instalaciones ser\u00e1n un importante avance en la oferta de servicios sociales y de atenci\u00f3n a personas mayores en el municipio, brindando un espacio de cuidado y bienestar para aquellos que lo necesiten. La apertura de estas infraestructuras supondr\u00e1 un impulso para la comunidad y contribuir\u00e1 a mejorar la calidad de vida de los habitantes de Camponaraya.<\/p>\n<p>Con la puesta en marcha de estas iniciativas, el gobierno local demuestra su compromiso con el bienestar de sus ciudadanos y su apuesta por el desarrollo y la mejora de la infraestructura en el municipio. Se espera que la apertura de estas nuevas instalaciones sea recibida con entusiasmo por parte de la comunidad y que contribuya a fortalecer el tejido social y mejorar la calidad de vida de todos los camponarayenses.<\/p>\n","protected":false},"excerpt":{"rendered":"<p>El municipio de Camponaraya se prepara para la apertura de un nuevo centro de d\u00eda y una moderna residencia durante el mes de octubre. As\u00ed lo ha anunciado el alcalde de la localidad, Eduardo Mor\u00e1n, quien adem\u00e1s revel\u00f3 que el barrio de El Brazal contar\u00e1 con un acceso viario renovado para mejorar la conectividad en [&hellip;]<\/p>\n","protected":false},"author":1,"featured_media":9541,"comment_status":"open","ping_status":"closed","sticky":false,"template":"","format":"standard","meta":{"_monsterinsights_skip_tracking":false,"_monsterinsights_sitenote_active":false,"_monsterinsights_sitenote_note":"","_monsterinsights_sitenote_category":0,"site-container-style":"default","site-container-layout":"default","site-sidebar-layout":"default","disable-article-header":"default","disable-site-header":"default","disable-site-footer":"default","disable-content-area-spacing":"default","_jetpack_memberships_contains_paid_content":false,"footnotes":"","jetpack_publicize_message":"","jetpack_publicize_feature_enabled":true,"jetpack_social_post_already_shared":true,"jetpack_social_options":{"image_generator_settings":{"template":"highway","default_image_id":0,"font":"","enabled":false},"version":2}},"categories":[1],"tags":[],"class_list":["post-9540","post","type-post","status-publish","format-standard","has-post-thumbnail","hentry","category-uncategorized"],"jetpack_publicize_connections":[],"jetpack_featured_media_url":"https:\/\/987aldia.com\/web\/wp-content\/uploads\/2025\/09\/openai-image-1758535530.png","jetpack_sharing_enabled":true,"_links":{"self":[{"href":"https:\/\/987aldia.com\/web\/wp-json\/wp\/v2\/posts\/9540","targetHints":{"allow":["GET"]}}],"collection":[{"href":"https:\/\/987aldia.com\/web\/wp-json\/wp\/v2\/posts"}],"about":[{"href":"https:\/\/987aldia.com\/web\/wp-json\/wp\/v2\/types\/post"}],"author":[{"embeddable":true,"href":"https:\/\/987aldia.com\/web\/wp-json\/wp\/v2\/users\/1"}],"replies":[{"embeddable":true,"href":"https:\/\/987aldia.com\/web\/wp-json\/wp\/v2\/comments?post=9540"}],"version-history":[{"count":0,"href":"https:\/\/987aldia.com\/web\/wp-json\/wp\/v2\/posts\/9540\/revisions"}],"wp:featuredmedia":[{"embeddable":true,"href":"https:\/\/987aldia.com\/web\/wp-json\/wp\/v2\/media\/9541"}],"wp:attachment":[{"href":"https:\/\/987aldia.com\/web\/wp-json\/wp\/v2\/media?parent=9540"}],"wp:term":[{"taxonomy":"category","embeddable":true,"href":"https:\/\/987aldia.com\/web\/wp-json\/wp\/v2\/categories?post=9540"},{"taxonomy":"post_tag","embeddable":true,"href":"https:\/\/987aldia.com\/web\/wp-json\/wp\/v2\/tags?post=9540"}],"curies":[{"name":"wp","href":"https:\/\/api.w.org\/{rel}","templated":true}]}}