{"id":9542,"date":"2025-09-22T14:06:21","date_gmt":"2025-09-22T12:06:21","guid":{"rendered":"https:\/\/987aldia.com\/web\/recordatorio-a-saray-arias-en-la-universidad-de-leon-tristeza-por-la-estudiante-de-turismo-que-fallecio-en-napoles\/"},"modified":"2025-09-22T14:06:21","modified_gmt":"2025-09-22T12:06:21","slug":"recordatorio-a-saray-arias-en-la-universidad-de-leon-tristeza-por-la-estudiante-de-turismo-que-fallecio-en-napoles","status":"publish","type":"post","link":"https:\/\/987aldia.com\/web\/recordatorio-a-saray-arias-en-la-universidad-de-leon-tristeza-por-la-estudiante-de-turismo-que-fallecio-en-napoles\/","title":{"rendered":"Recordatorio a Saray Arias en la Universidad de Le\u00f3n: tristeza por la estudiante de Turismo que falleci\u00f3 en N\u00e1poles"},"content":{"rendered":"<p>La Universidad de Le\u00f3n se visti\u00f3 de luto para despedir a Saray Arias, una joven estudiante de Turismo cuya vida fue truncada de manera tr\u00e1gica en N\u00e1poles. La comunidad universitaria se reuni\u00f3 en ambos campus para rendir un sentido homenaje a esta joven promesa, recordando su sonrisa y su energ\u00eda que ahora dejan un vac\u00edo imposible de llenar.<\/p>\n<p>El dolor se pod\u00eda palpar en el ambiente mientras se guardaba un minuto de silencio en honor a Saray, quien perdi\u00f3 la vida en un fatal accidente. El Vicerrectorado de Internacionalizaci\u00f3n y Compromiso Global se ha mostrado solidario desde el primer momento, brindando apoyo a la familia en estos momentos tan dif\u00edciles. Asimismo, se ha establecido una comunicaci\u00f3n constante con las autoridades espa\u00f1olas en N\u00e1poles y con la universidad donde Saray estaba realizando su intercambio acad\u00e9mico.<\/p>\n<p>La partida de Saray ha dejado consternada a toda la comunidad universitaria, que se une en el dolor y en el recuerdo de una joven con un futuro prometedor por delante. Su ausencia ser\u00e1 sentida en cada rinc\u00f3n de la Universidad de Le\u00f3n, donde su esp\u00edritu alegre y su pasi\u00f3n por el aprendizaje quedar\u00e1n grabados en la memoria de todos los que la conocieron.<\/p>\n","protected":false},"excerpt":{"rendered":"<p>La Universidad de Le\u00f3n se visti\u00f3 de luto para despedir a Saray Arias, una joven estudiante de Turismo cuya vida fue truncada de manera tr\u00e1gica en N\u00e1poles. La comunidad universitaria se reuni\u00f3 en ambos campus para rendir un sentido homenaje a esta joven promesa, recordando su sonrisa y su energ\u00eda que ahora dejan un vac\u00edo [&hellip;]<\/p>\n","protected":false},"author":1,"featured_media":9543,"comment_status":"open","ping_status":"closed","sticky":false,"template":"","format":"standard","meta":{"_monsterinsights_skip_tracking":false,"_monsterinsights_sitenote_active":false,"_monsterinsights_sitenote_note":"","_monsterinsights_sitenote_category":0,"site-container-style":"default","site-container-layout":"default","site-sidebar-layout":"default","disable-article-header":"default","disable-site-header":"default","disable-site-footer":"default","disable-content-area-spacing":"default","_jetpack_memberships_contains_paid_content":false,"footnotes":"","jetpack_publicize_message":"","jetpack_publicize_feature_enabled":true,"jetpack_social_post_already_shared":true,"jetpack_social_options":{"image_generator_settings":{"template":"highway","default_image_id":0,"font":"","enabled":false},"version":2}},"categories":[1],"tags":[],"class_list":["post-9542","post","type-post","status-publish","format-standard","has-post-thumbnail","hentry","category-uncategorized"],"jetpack_publicize_connections":[],"jetpack_featured_media_url":"https:\/\/987aldia.com\/web\/wp-content\/uploads\/2025\/09\/openai-image-1758542781.png","jetpack_sharing_enabled":true,"_links":{"self":[{"href":"https:\/\/987aldia.com\/web\/wp-json\/wp\/v2\/posts\/9542","targetHints":{"allow":["GET"]}}],"collection":[{"href":"https:\/\/987aldia.com\/web\/wp-json\/wp\/v2\/posts"}],"about":[{"href":"https:\/\/987aldia.com\/web\/wp-json\/wp\/v2\/types\/post"}],"author":[{"embeddable":true,"href":"https:\/\/987aldia.com\/web\/wp-json\/wp\/v2\/users\/1"}],"replies":[{"embeddable":true,"href":"https:\/\/987aldia.com\/web\/wp-json\/wp\/v2\/comments?post=9542"}],"version-history":[{"count":0,"href":"https:\/\/987aldia.com\/web\/wp-json\/wp\/v2\/posts\/9542\/revisions"}],"wp:featuredmedia":[{"embeddable":true,"href":"https:\/\/987aldia.com\/web\/wp-json\/wp\/v2\/media\/9543"}],"wp:attachment":[{"href":"https:\/\/987aldia.com\/web\/wp-json\/wp\/v2\/media?parent=9542"}],"wp:term":[{"taxonomy":"category","embeddable":true,"href":"https:\/\/987aldia.com\/web\/wp-json\/wp\/v2\/categories?post=9542"},{"taxonomy":"post_tag","embeddable":true,"href":"https:\/\/987aldia.com\/web\/wp-json\/wp\/v2\/tags?post=9542"}],"curies":[{"name":"wp","href":"https:\/\/api.w.org\/{rel}","templated":true}]}}