{"id":9544,"date":"2025-09-22T16:06:28","date_gmt":"2025-09-22T14:06:28","guid":{"rendered":"https:\/\/987aldia.com\/web\/inician-las-labores-de-construccion-de-la-pasarela-sobre-el-rio-sil-en-valina\/"},"modified":"2025-09-22T16:06:28","modified_gmt":"2025-09-22T14:06:28","slug":"inician-las-labores-de-construccion-de-la-pasarela-sobre-el-rio-sil-en-valina","status":"publish","type":"post","link":"https:\/\/987aldia.com\/web\/inician-las-labores-de-construccion-de-la-pasarela-sobre-el-rio-sil-en-valina\/","title":{"rendered":"Inician las labores de construcci\u00f3n de la pasarela sobre el r\u00edo Sil en Vali\u00f1a."},"content":{"rendered":"<p>Tras a\u00f1os de espera, finalmente ha dado inicio la construcci\u00f3n de la tan ansiada pasarela del Sil en Vali\u00f1a. La Confederaci\u00f3n Hidrogr\u00e1fica ha puesto en marcha los trabajos para crear una pista entubada que permitir\u00e1 el paso de un extremo a otro del r\u00edo, facilitando as\u00ed la movilidad de los habitantes de la zona.<\/p>\n<p>Esta obra representa un avance significativo para la comunidad local, que durante mucho tiempo ha demandado una soluci\u00f3n que mejore la conectividad en la regi\u00f3n. La pasarela del Sil en Vali\u00f1a no solo ser\u00e1 un medio de cruce seguro, sino que tambi\u00e9n contribuir\u00e1 a la integraci\u00f3n de las dos orillas, fomentando la cohesi\u00f3n social y el desarrollo del entorno.<\/p>\n<p>Se espera que la construcci\u00f3n de la pasarela sea completada en un plazo razonable, brindando a los habitantes de Vali\u00f1a una infraestructura moderna y funcional que mejorar\u00e1 su calidad de vida. Sin duda, este proyecto representa un paso adelante en la mejora de la accesibilidad y la comunicaci\u00f3n en la zona, demostrando el compromiso de las autoridades con el progreso y el bienestar de la comunidad.<\/p>\n","protected":false},"excerpt":{"rendered":"<p>Tras a\u00f1os de espera, finalmente ha dado inicio la construcci\u00f3n de la tan ansiada pasarela del Sil en Vali\u00f1a. La Confederaci\u00f3n Hidrogr\u00e1fica ha puesto en marcha los trabajos para crear una pista entubada que permitir\u00e1 el paso de un extremo a otro del r\u00edo, facilitando as\u00ed la movilidad de los habitantes de la zona. Esta [&hellip;]<\/p>\n","protected":false},"author":1,"featured_media":9545,"comment_status":"open","ping_status":"closed","sticky":false,"template":"","format":"standard","meta":{"_monsterinsights_skip_tracking":false,"_monsterinsights_sitenote_active":false,"_monsterinsights_sitenote_note":"","_monsterinsights_sitenote_category":0,"site-container-style":"default","site-container-layout":"default","site-sidebar-layout":"default","disable-article-header":"default","disable-site-header":"default","disable-site-footer":"default","disable-content-area-spacing":"default","_jetpack_memberships_contains_paid_content":false,"footnotes":"","jetpack_publicize_message":"","jetpack_publicize_feature_enabled":true,"jetpack_social_post_already_shared":true,"jetpack_social_options":{"image_generator_settings":{"template":"highway","default_image_id":0,"font":"","enabled":false},"version":2}},"categories":[1],"tags":[],"class_list":["post-9544","post","type-post","status-publish","format-standard","has-post-thumbnail","hentry","category-uncategorized"],"jetpack_publicize_connections":[],"jetpack_featured_media_url":"https:\/\/987aldia.com\/web\/wp-content\/uploads\/2025\/09\/openai-image-1758549988.png","jetpack_sharing_enabled":true,"_links":{"self":[{"href":"https:\/\/987aldia.com\/web\/wp-json\/wp\/v2\/posts\/9544","targetHints":{"allow":["GET"]}}],"collection":[{"href":"https:\/\/987aldia.com\/web\/wp-json\/wp\/v2\/posts"}],"about":[{"href":"https:\/\/987aldia.com\/web\/wp-json\/wp\/v2\/types\/post"}],"author":[{"embeddable":true,"href":"https:\/\/987aldia.com\/web\/wp-json\/wp\/v2\/users\/1"}],"replies":[{"embeddable":true,"href":"https:\/\/987aldia.com\/web\/wp-json\/wp\/v2\/comments?post=9544"}],"version-history":[{"count":0,"href":"https:\/\/987aldia.com\/web\/wp-json\/wp\/v2\/posts\/9544\/revisions"}],"wp:featuredmedia":[{"embeddable":true,"href":"https:\/\/987aldia.com\/web\/wp-json\/wp\/v2\/media\/9545"}],"wp:attachment":[{"href":"https:\/\/987aldia.com\/web\/wp-json\/wp\/v2\/media?parent=9544"}],"wp:term":[{"taxonomy":"category","embeddable":true,"href":"https:\/\/987aldia.com\/web\/wp-json\/wp\/v2\/categories?post=9544"},{"taxonomy":"post_tag","embeddable":true,"href":"https:\/\/987aldia.com\/web\/wp-json\/wp\/v2\/tags?post=9544"}],"curies":[{"name":"wp","href":"https:\/\/api.w.org\/{rel}","templated":true}]}}