{"id":9550,"date":"2025-09-22T22:05:35","date_gmt":"2025-09-22T20:05:35","guid":{"rendered":"https:\/\/987aldia.com\/web\/marco-morala-reivindica-la-promesa-incumplida-de-empresas-y-empleo-mucha-gente-ha-quedado-atras\/"},"modified":"2025-09-22T22:05:35","modified_gmt":"2025-09-22T20:05:35","slug":"marco-morala-reivindica-la-promesa-incumplida-de-empresas-y-empleo-mucha-gente-ha-quedado-atras","status":"publish","type":"post","link":"https:\/\/987aldia.com\/web\/marco-morala-reivindica-la-promesa-incumplida-de-empresas-y-empleo-mucha-gente-ha-quedado-atras\/","title":{"rendered":"Marco Morala reivindica la promesa incumplida de empresas y empleo: \u00abMucha gente ha quedado atr\u00e1s\u00bb."},"content":{"rendered":"<p>En una entrevista exclusiva, el alcalde de Ponferrada, Marco Morala, ha destacado la importancia de reivindicar las empresas y el empleo que se prometieron a la ciudadan\u00eda, ya que considera que muchas personas han quedado rezagadas en este aspecto. Morala, quien lleva a cabo su labor de gesti\u00f3n en minor\u00eda, ha enfatizado su compromiso por no aumentar la carga impositiva a los ciudadanos, a pesar de los desaf\u00edos econ\u00f3micos que enfrenta el municipio.<\/p>\n<p>El mandatario ha abordado temas como el d\u00eda a d\u00eda de la gesti\u00f3n municipal, las obras en curso y los retos que implica afrontar una deuda de 15 millones de euros heredada de administraciones anteriores. Morala ha expresado su determinaci\u00f3n por sacar adelante a Ponferrada, priorizando el bienestar de sus habitantes y la creaci\u00f3n de oportunidades laborales, en un contexto marcado por la crisis econ\u00f3mica y la necesidad de revitalizar la econom\u00eda local.<\/p>\n<p>Con una visi\u00f3n clara y un compromiso firme, Marco Morala se presenta como un l\u00edder dispuesto a enfrentar los desaf\u00edos actuales y a trabajar incansablemente por el progreso y el desarrollo de Ponferrada, demostrando su dedicaci\u00f3n a cumplir las promesas electorales y a no defraudar a aquellos que confiaron en \u00e9l para liderar el municipio.<\/p>\n","protected":false},"excerpt":{"rendered":"<p>En una entrevista exclusiva, el alcalde de Ponferrada, Marco Morala, ha destacado la importancia de reivindicar las empresas y el empleo que se prometieron a la ciudadan\u00eda, ya que considera que muchas personas han quedado rezagadas en este aspecto. Morala, quien lleva a cabo su labor de gesti\u00f3n en minor\u00eda, ha enfatizado su compromiso por [&hellip;]<\/p>\n","protected":false},"author":1,"featured_media":9551,"comment_status":"open","ping_status":"closed","sticky":false,"template":"","format":"standard","meta":{"_monsterinsights_skip_tracking":false,"_monsterinsights_sitenote_active":false,"_monsterinsights_sitenote_note":"","_monsterinsights_sitenote_category":0,"site-container-style":"default","site-container-layout":"default","site-sidebar-layout":"default","disable-article-header":"default","disable-site-header":"default","disable-site-footer":"default","disable-content-area-spacing":"default","_jetpack_memberships_contains_paid_content":false,"footnotes":"","jetpack_publicize_message":"","jetpack_publicize_feature_enabled":true,"jetpack_social_post_already_shared":true,"jetpack_social_options":{"image_generator_settings":{"template":"highway","default_image_id":0,"font":"","enabled":false},"version":2}},"categories":[1],"tags":[],"class_list":["post-9550","post","type-post","status-publish","format-standard","has-post-thumbnail","hentry","category-uncategorized"],"jetpack_publicize_connections":[],"jetpack_featured_media_url":"https:\/\/987aldia.com\/web\/wp-content\/uploads\/2025\/09\/openai-image-1758571535.png","jetpack_sharing_enabled":true,"_links":{"self":[{"href":"https:\/\/987aldia.com\/web\/wp-json\/wp\/v2\/posts\/9550","targetHints":{"allow":["GET"]}}],"collection":[{"href":"https:\/\/987aldia.com\/web\/wp-json\/wp\/v2\/posts"}],"about":[{"href":"https:\/\/987aldia.com\/web\/wp-json\/wp\/v2\/types\/post"}],"author":[{"embeddable":true,"href":"https:\/\/987aldia.com\/web\/wp-json\/wp\/v2\/users\/1"}],"replies":[{"embeddable":true,"href":"https:\/\/987aldia.com\/web\/wp-json\/wp\/v2\/comments?post=9550"}],"version-history":[{"count":0,"href":"https:\/\/987aldia.com\/web\/wp-json\/wp\/v2\/posts\/9550\/revisions"}],"wp:featuredmedia":[{"embeddable":true,"href":"https:\/\/987aldia.com\/web\/wp-json\/wp\/v2\/media\/9551"}],"wp:attachment":[{"href":"https:\/\/987aldia.com\/web\/wp-json\/wp\/v2\/media?parent=9550"}],"wp:term":[{"taxonomy":"category","embeddable":true,"href":"https:\/\/987aldia.com\/web\/wp-json\/wp\/v2\/categories?post=9550"},{"taxonomy":"post_tag","embeddable":true,"href":"https:\/\/987aldia.com\/web\/wp-json\/wp\/v2\/tags?post=9550"}],"curies":[{"name":"wp","href":"https:\/\/api.w.org\/{rel}","templated":true}]}}