{"id":9554,"date":"2025-09-23T02:06:07","date_gmt":"2025-09-23T00:06:07","guid":{"rendered":"https:\/\/987aldia.com\/web\/felipe-vi-es-galardonado-con-la-medalla-de-honor-del-consejo-de-camaras-por-su-destacada-carrera\/"},"modified":"2025-09-23T02:06:07","modified_gmt":"2025-09-23T00:06:07","slug":"felipe-vi-es-galardonado-con-la-medalla-de-honor-del-consejo-de-camaras-por-su-destacada-carrera","status":"publish","type":"post","link":"https:\/\/987aldia.com\/web\/felipe-vi-es-galardonado-con-la-medalla-de-honor-del-consejo-de-camaras-por-su-destacada-carrera\/","title":{"rendered":"Felipe VI es galardonado con la Medalla de Honor del Consejo de C\u00e1maras por su destacada carrera."},"content":{"rendered":"<p>El Rey Felipe VI ha sido galardonado con la Medalla de Honor del Consejo de C\u00e1maras en un emotivo acto celebrado en Castilla y Le\u00f3n. El presidente del Consejo, Antonio Miguel M\u00e9ndez Pozo, entreg\u00f3 personalmente la distinci\u00f3n al monarca, destacando su trayectoria y su papel en la unidad y prosperidad de Espa\u00f1a.<\/p>\n<p>En sus palabras, M\u00e9ndez Pozo subray\u00f3 el cari\u00f1o y reconocimiento de la gente de Castilla y Le\u00f3n hacia Felipe VI, representado por las empresas de la regi\u00f3n que trabajan incansablemente por un futuro prometedor bajo el liderazgo inspirador de la Corona. La Medalla de Honor simboliza, seg\u00fan el presidente del Consejo, el compromiso de las empresas castellanoleonesas con una Espa\u00f1a unida y comprometida con el progreso.<\/p>\n<p>El Rey agradeci\u00f3 el reconocimiento y destac\u00f3 la importancia del trabajo conjunto entre la Corona y el sector empresarial para impulsar el desarrollo y el bienestar de la sociedad espa\u00f1ola. Este galard\u00f3n refuerza el compromiso de Felipe VI con la unidad y la prosperidad del pa\u00eds, as\u00ed como su cercan\u00eda con las comunidades aut\u00f3nomas y su tejido empresarial.<\/p>\n","protected":false},"excerpt":{"rendered":"<p>El Rey Felipe VI ha sido galardonado con la Medalla de Honor del Consejo de C\u00e1maras en un emotivo acto celebrado en Castilla y Le\u00f3n. El presidente del Consejo, Antonio Miguel M\u00e9ndez Pozo, entreg\u00f3 personalmente la distinci\u00f3n al monarca, destacando su trayectoria y su papel en la unidad y prosperidad de Espa\u00f1a. En sus palabras, [&hellip;]<\/p>\n","protected":false},"author":1,"featured_media":0,"comment_status":"open","ping_status":"closed","sticky":false,"template":"","format":"standard","meta":{"_monsterinsights_skip_tracking":false,"_monsterinsights_sitenote_active":false,"_monsterinsights_sitenote_note":"","_monsterinsights_sitenote_category":0,"site-container-style":"default","site-container-layout":"default","site-sidebar-layout":"default","disable-article-header":"default","disable-site-header":"default","disable-site-footer":"default","disable-content-area-spacing":"default","_jetpack_memberships_contains_paid_content":false,"footnotes":"","jetpack_publicize_message":"","jetpack_publicize_feature_enabled":true,"jetpack_social_post_already_shared":true,"jetpack_social_options":{"image_generator_settings":{"template":"highway","default_image_id":0,"font":"","enabled":false},"version":2}},"categories":[1],"tags":[],"class_list":["post-9554","post","type-post","status-publish","format-standard","hentry","category-uncategorized"],"jetpack_publicize_connections":[],"jetpack_featured_media_url":"","jetpack_sharing_enabled":true,"_links":{"self":[{"href":"https:\/\/987aldia.com\/web\/wp-json\/wp\/v2\/posts\/9554","targetHints":{"allow":["GET"]}}],"collection":[{"href":"https:\/\/987aldia.com\/web\/wp-json\/wp\/v2\/posts"}],"about":[{"href":"https:\/\/987aldia.com\/web\/wp-json\/wp\/v2\/types\/post"}],"author":[{"embeddable":true,"href":"https:\/\/987aldia.com\/web\/wp-json\/wp\/v2\/users\/1"}],"replies":[{"embeddable":true,"href":"https:\/\/987aldia.com\/web\/wp-json\/wp\/v2\/comments?post=9554"}],"version-history":[{"count":0,"href":"https:\/\/987aldia.com\/web\/wp-json\/wp\/v2\/posts\/9554\/revisions"}],"wp:attachment":[{"href":"https:\/\/987aldia.com\/web\/wp-json\/wp\/v2\/media?parent=9554"}],"wp:term":[{"taxonomy":"category","embeddable":true,"href":"https:\/\/987aldia.com\/web\/wp-json\/wp\/v2\/categories?post=9554"},{"taxonomy":"post_tag","embeddable":true,"href":"https:\/\/987aldia.com\/web\/wp-json\/wp\/v2\/tags?post=9554"}],"curies":[{"name":"wp","href":"https:\/\/api.w.org\/{rel}","templated":true}]}}