{"id":9555,"date":"2025-09-23T04:05:40","date_gmt":"2025-09-23T02:05:40","guid":{"rendered":"https:\/\/987aldia.com\/web\/feijoo-dicta-a-manueco-la-estrategia-sobre-migracion-y-el-reparto-de-menores\/"},"modified":"2025-09-23T04:05:40","modified_gmt":"2025-09-23T02:05:40","slug":"feijoo-dicta-a-manueco-la-estrategia-sobre-migracion-y-el-reparto-de-menores","status":"publish","type":"post","link":"https:\/\/987aldia.com\/web\/feijoo-dicta-a-manueco-la-estrategia-sobre-migracion-y-el-reparto-de-menores\/","title":{"rendered":"Feij\u00f3o dicta a Ma\u00f1ueco la estrategia sobre migraci\u00f3n y el reparto de menores"},"content":{"rendered":"<p>El presidente de la Xunta de Galicia, Alberto N\u00fa\u00f1ez Feij\u00f3o, impone su agenda sobre migraci\u00f3n y el reparto de menores en la cumbre de barones del Partido Popular. En un movimiento estrat\u00e9gico, Feij\u00f3o presenta su plan migratorio a los l\u00edderes regionales del PP, marcando el rumbo a seguir en esta delicada cuesti\u00f3n.<\/p>\n<p>El presidente de la Junta de Castilla y Le\u00f3n, Alfonso Fern\u00e1ndez Ma\u00f1ueco, se ve en la tesitura de tener que responder hoy en las Cortes auton\u00f3micas sobre la situaci\u00f3n de los ni\u00f1os y ni\u00f1as migrantes. Feij\u00f3o, con su firme posicionamiento en este tema, pone a Ma\u00f1ueco bajo presi\u00f3n para que defina su postura y acciones ante este desaf\u00edo humanitario.<\/p>\n<p>La reuni\u00f3n entre Feij\u00f3o y los barones populares deja entrever las diferencias y desaf\u00edos que enfrenta el partido en relaci\u00f3n a la migraci\u00f3n y la protecci\u00f3n de menores no acompa\u00f1ados. Mientras Feij\u00f3o busca liderar la estrategia del PP en este \u00e1mbito, Ma\u00f1ueco y otros presidentes auton\u00f3micos tendr\u00e1n que definir sus posturas y acciones ante un tema cada vez m\u00e1s urgente y complejo.<\/p>\n","protected":false},"excerpt":{"rendered":"<p>El presidente de la Xunta de Galicia, Alberto N\u00fa\u00f1ez Feij\u00f3o, impone su agenda sobre migraci\u00f3n y el reparto de menores en la cumbre de barones del Partido Popular. En un movimiento estrat\u00e9gico, Feij\u00f3o presenta su plan migratorio a los l\u00edderes regionales del PP, marcando el rumbo a seguir en esta delicada cuesti\u00f3n. El presidente de [&hellip;]<\/p>\n","protected":false},"author":1,"featured_media":9556,"comment_status":"open","ping_status":"closed","sticky":false,"template":"","format":"standard","meta":{"_monsterinsights_skip_tracking":false,"_monsterinsights_sitenote_active":false,"_monsterinsights_sitenote_note":"","_monsterinsights_sitenote_category":0,"site-container-style":"default","site-container-layout":"default","site-sidebar-layout":"default","disable-article-header":"default","disable-site-header":"default","disable-site-footer":"default","disable-content-area-spacing":"default","_jetpack_memberships_contains_paid_content":false,"footnotes":"","jetpack_publicize_message":"","jetpack_publicize_feature_enabled":true,"jetpack_social_post_already_shared":true,"jetpack_social_options":{"image_generator_settings":{"template":"highway","default_image_id":0,"font":"","enabled":false},"version":2}},"categories":[1],"tags":[],"class_list":["post-9555","post","type-post","status-publish","format-standard","has-post-thumbnail","hentry","category-uncategorized"],"jetpack_publicize_connections":[],"jetpack_featured_media_url":"https:\/\/987aldia.com\/web\/wp-content\/uploads\/2025\/09\/openai-image-1758593140.png","jetpack_sharing_enabled":true,"_links":{"self":[{"href":"https:\/\/987aldia.com\/web\/wp-json\/wp\/v2\/posts\/9555","targetHints":{"allow":["GET"]}}],"collection":[{"href":"https:\/\/987aldia.com\/web\/wp-json\/wp\/v2\/posts"}],"about":[{"href":"https:\/\/987aldia.com\/web\/wp-json\/wp\/v2\/types\/post"}],"author":[{"embeddable":true,"href":"https:\/\/987aldia.com\/web\/wp-json\/wp\/v2\/users\/1"}],"replies":[{"embeddable":true,"href":"https:\/\/987aldia.com\/web\/wp-json\/wp\/v2\/comments?post=9555"}],"version-history":[{"count":0,"href":"https:\/\/987aldia.com\/web\/wp-json\/wp\/v2\/posts\/9555\/revisions"}],"wp:featuredmedia":[{"embeddable":true,"href":"https:\/\/987aldia.com\/web\/wp-json\/wp\/v2\/media\/9556"}],"wp:attachment":[{"href":"https:\/\/987aldia.com\/web\/wp-json\/wp\/v2\/media?parent=9555"}],"wp:term":[{"taxonomy":"category","embeddable":true,"href":"https:\/\/987aldia.com\/web\/wp-json\/wp\/v2\/categories?post=9555"},{"taxonomy":"post_tag","embeddable":true,"href":"https:\/\/987aldia.com\/web\/wp-json\/wp\/v2\/tags?post=9555"}],"curies":[{"name":"wp","href":"https:\/\/api.w.org\/{rel}","templated":true}]}}