{"id":9561,"date":"2025-09-23T10:05:57","date_gmt":"2025-09-23T08:05:57","guid":{"rendered":"https:\/\/987aldia.com\/web\/la-junta-de-cyl-se-propone-atraer-a-nomadas-digitales-como-objetivo-prioritario\/"},"modified":"2025-09-23T10:05:57","modified_gmt":"2025-09-23T08:05:57","slug":"la-junta-de-cyl-se-propone-atraer-a-nomadas-digitales-como-objetivo-prioritario","status":"publish","type":"post","link":"https:\/\/987aldia.com\/web\/la-junta-de-cyl-se-propone-atraer-a-nomadas-digitales-como-objetivo-prioritario\/","title":{"rendered":"La Junta de CyL se propone atraer a n\u00f3madas digitales como objetivo prioritario"},"content":{"rendered":"<p>El presidente de la Junta de Castilla y Le\u00f3n, Alfonso Fern\u00e1ndez Ma\u00f1ueco, ha establecido como uno de los desaf\u00edos principales de su gobierno la atracci\u00f3n de n\u00f3madas digitales a la regi\u00f3n. En un intento por impulsar la econom\u00eda y combatir la despoblaci\u00f3n, Fern\u00e1ndez Ma\u00f1ueco ha solicitado al Gobierno central mayor financiaci\u00f3n e implicaci\u00f3n en este ambicioso proyecto.<\/p>\n<p>Los n\u00f3madas digitales, trabajadores remotos que utilizan la tecnolog\u00eda para desempe\u00f1ar sus labores desde cualquier lugar del mundo, se han convertido en un fen\u00f3meno en crecimiento en la era post-pandemia. Castilla y Le\u00f3n, con su riqueza cultural, patrimonial y natural, se presenta como un destino atractivo para estos profesionales que buscan un cambio de escenario sin renunciar a su empleo.<\/p>\n<p>El fomento de este estilo de vida n\u00f3mada no solo podr\u00eda revitalizar la econom\u00eda en la regi\u00f3n, sino tambi\u00e9n contribuir a frenar la despoblaci\u00f3n rural que tanto preocupa a las autoridades. Fern\u00e1ndez Ma\u00f1ueco, consciente de los beneficios que esta iniciativa podr\u00eda aportar a Castilla y Le\u00f3n, insta al Gobierno a brindar el apoyo necesario para hacer de la regi\u00f3n un destino de referencia para estos nuevos trabajadores del siglo XXI.<\/p>\n","protected":false},"excerpt":{"rendered":"<p>El presidente de la Junta de Castilla y Le\u00f3n, Alfonso Fern\u00e1ndez Ma\u00f1ueco, ha establecido como uno de los desaf\u00edos principales de su gobierno la atracci\u00f3n de n\u00f3madas digitales a la regi\u00f3n. En un intento por impulsar la econom\u00eda y combatir la despoblaci\u00f3n, Fern\u00e1ndez Ma\u00f1ueco ha solicitado al Gobierno central mayor financiaci\u00f3n e implicaci\u00f3n en este [&hellip;]<\/p>\n","protected":false},"author":1,"featured_media":9562,"comment_status":"open","ping_status":"closed","sticky":false,"template":"","format":"standard","meta":{"_monsterinsights_skip_tracking":false,"_monsterinsights_sitenote_active":false,"_monsterinsights_sitenote_note":"","_monsterinsights_sitenote_category":0,"site-container-style":"default","site-container-layout":"default","site-sidebar-layout":"default","disable-article-header":"default","disable-site-header":"default","disable-site-footer":"default","disable-content-area-spacing":"default","_jetpack_memberships_contains_paid_content":false,"footnotes":"","jetpack_publicize_message":"","jetpack_publicize_feature_enabled":true,"jetpack_social_post_already_shared":true,"jetpack_social_options":{"image_generator_settings":{"template":"highway","default_image_id":0,"font":"","enabled":false},"version":2}},"categories":[1],"tags":[],"class_list":["post-9561","post","type-post","status-publish","format-standard","has-post-thumbnail","hentry","category-uncategorized"],"jetpack_publicize_connections":[],"jetpack_featured_media_url":"https:\/\/987aldia.com\/web\/wp-content\/uploads\/2025\/09\/openai-image-1758614757.png","jetpack_sharing_enabled":true,"_links":{"self":[{"href":"https:\/\/987aldia.com\/web\/wp-json\/wp\/v2\/posts\/9561","targetHints":{"allow":["GET"]}}],"collection":[{"href":"https:\/\/987aldia.com\/web\/wp-json\/wp\/v2\/posts"}],"about":[{"href":"https:\/\/987aldia.com\/web\/wp-json\/wp\/v2\/types\/post"}],"author":[{"embeddable":true,"href":"https:\/\/987aldia.com\/web\/wp-json\/wp\/v2\/users\/1"}],"replies":[{"embeddable":true,"href":"https:\/\/987aldia.com\/web\/wp-json\/wp\/v2\/comments?post=9561"}],"version-history":[{"count":0,"href":"https:\/\/987aldia.com\/web\/wp-json\/wp\/v2\/posts\/9561\/revisions"}],"wp:featuredmedia":[{"embeddable":true,"href":"https:\/\/987aldia.com\/web\/wp-json\/wp\/v2\/media\/9562"}],"wp:attachment":[{"href":"https:\/\/987aldia.com\/web\/wp-json\/wp\/v2\/media?parent=9561"}],"wp:term":[{"taxonomy":"category","embeddable":true,"href":"https:\/\/987aldia.com\/web\/wp-json\/wp\/v2\/categories?post=9561"},{"taxonomy":"post_tag","embeddable":true,"href":"https:\/\/987aldia.com\/web\/wp-json\/wp\/v2\/tags?post=9561"}],"curies":[{"name":"wp","href":"https:\/\/api.w.org\/{rel}","templated":true}]}}