{"id":9565,"date":"2025-09-23T12:46:13","date_gmt":"2025-09-23T10:46:13","guid":{"rendered":"https:\/\/987aldia.com\/web\/la-junta-impulsa-el-programa-corresponsales-juveniles-en-castilla-y-leon\/"},"modified":"2025-09-23T12:46:13","modified_gmt":"2025-09-23T10:46:13","slug":"la-junta-impulsa-el-programa-corresponsales-juveniles-en-castilla-y-leon","status":"publish","type":"post","link":"https:\/\/987aldia.com\/web\/la-junta-impulsa-el-programa-corresponsales-juveniles-en-castilla-y-leon\/","title":{"rendered":"La Junta impulsa el programa &#8216;Corresponsales Juveniles&#8217; en Castilla y Le\u00f3n"},"content":{"rendered":"<p>La Consejer\u00eda de Familia e Igualdad de Oportunidades de Castilla y Le\u00f3n ha anunciado la consolidaci\u00f3n del programa &#8216;Corresponsales Juveniles&#8217; para el curso 2025-2026, con el objetivo de alcanzar los 800 participantes. Esta iniciativa, organizada por el Instituto de la Juventud auton\u00f3mico, se ha convertido en una referencia en la informaci\u00f3n juvenil de la comunidad. El anuncio se realiz\u00f3 el 22 de septiembre de 2025, y se public\u00f3 en el Bolet\u00edn Oficial de Castilla y Le\u00f3n (Bocyl). El programa est\u00e1 dirigido a j\u00f3venes de Secundaria, Bachillerato, Formaci\u00f3n Profesional y universidad, con edades comprendidas entre los 14 y 30 a\u00f1os. <\/p>\n<p>El programa &#8216;Corresponsales Juveniles&#8217; ha mostrado un crecimiento constante, con m\u00e1s de 600 alumnos participando el curso pasado. La meta actual es superar los 800 participantes, lo que refleja el \u00e9xito y la aceptaci\u00f3n de esta propuesta entre los j\u00f3venes de la regi\u00f3n. Una de las actividades m\u00e1s atractivas del programa son los encuentros presenciales, donde los j\u00f3venes pueden intercambiar ideas, compartir inquietudes y presentar sus proyectos. <\/p>\n<p>El Instituto de la Juventud de Castilla y Le\u00f3n est\u00e1 poniendo especial \u00e9nfasis en incluir a j\u00f3venes del medio rural, asegurando que esta iniciativa llegue a todas las \u00e1reas de la comunidad. Este enfoque busca no solo aumentar la participaci\u00f3n, sino tambi\u00e9n fomentar habilidades \u00fatiles para el futuro de los corresponsales. <\/p>\n<p>A nivel local, el impacto del programa se siente en toda la provincia de Le\u00f3n y en otras \u00e1reas de Castilla y Le\u00f3n, donde se espera que la participaci\u00f3n juvenil contin\u00fae en aumento. Comparativamente, este tipo de iniciativas son menos frecuentes en otras comunidades aut\u00f3nomas, lo que posiciona a Castilla y Le\u00f3n como un referente en el fomento de la participaci\u00f3n juvenil. <\/p>\n<p>La Consejer\u00eda de Familia e Igualdad de Oportunidades ha destacado la importancia de este programa para el desarrollo personal y profesional de los j\u00f3venes, subrayando su compromiso con la juventud de la regi\u00f3n. <\/p>\n<p>De cara al futuro, se espera que el programa &#8216;Corresponsales Juveniles&#8217; siga creciendo y adapt\u00e1ndose a las necesidades de los j\u00f3venes, con la posibilidad de incluir nuevas actividades y recursos que enriquezcan la experiencia de los participantes. La inscripci\u00f3n para el curso 2025-2026 ya est\u00e1 abierta, y se espera una alta demanda, especialmente en las \u00e1reas rurales donde el programa busca tener un mayor impacto.<\/p>\n","protected":false},"excerpt":{"rendered":"<p>La iniciativa busca alcanzar 800 participantes en centros escolares y universitarios durante el curso 2025-2026<\/p>\n","protected":false},"author":1,"featured_media":9566,"comment_status":"open","ping_status":"closed","sticky":false,"template":"","format":"standard","meta":{"_monsterinsights_skip_tracking":false,"_monsterinsights_sitenote_active":false,"_monsterinsights_sitenote_note":"","_monsterinsights_sitenote_category":0,"site-container-style":"default","site-container-layout":"default","site-sidebar-layout":"default","disable-article-header":"default","disable-site-header":"default","disable-site-footer":"default","disable-content-area-spacing":"default","_jetpack_memberships_contains_paid_content":false,"footnotes":"","jetpack_publicize_message":"","jetpack_publicize_feature_enabled":true,"jetpack_social_post_already_shared":true,"jetpack_social_options":{"image_generator_settings":{"template":"highway","default_image_id":0,"font":"","enabled":false},"version":2}},"categories":[1],"tags":[],"class_list":["post-9565","post","type-post","status-publish","format-standard","has-post-thumbnail","hentry","category-uncategorized"],"jetpack_publicize_connections":[],"jetpack_featured_media_url":"https:\/\/987aldia.com\/web\/wp-content\/uploads\/2025\/09\/especialidad_image_20250922_082249_ZkP2XS.png","jetpack_sharing_enabled":true,"_links":{"self":[{"href":"https:\/\/987aldia.com\/web\/wp-json\/wp\/v2\/posts\/9565","targetHints":{"allow":["GET"]}}],"collection":[{"href":"https:\/\/987aldia.com\/web\/wp-json\/wp\/v2\/posts"}],"about":[{"href":"https:\/\/987aldia.com\/web\/wp-json\/wp\/v2\/types\/post"}],"author":[{"embeddable":true,"href":"https:\/\/987aldia.com\/web\/wp-json\/wp\/v2\/users\/1"}],"replies":[{"embeddable":true,"href":"https:\/\/987aldia.com\/web\/wp-json\/wp\/v2\/comments?post=9565"}],"version-history":[{"count":0,"href":"https:\/\/987aldia.com\/web\/wp-json\/wp\/v2\/posts\/9565\/revisions"}],"wp:featuredmedia":[{"embeddable":true,"href":"https:\/\/987aldia.com\/web\/wp-json\/wp\/v2\/media\/9566"}],"wp:attachment":[{"href":"https:\/\/987aldia.com\/web\/wp-json\/wp\/v2\/media?parent=9565"}],"wp:term":[{"taxonomy":"category","embeddable":true,"href":"https:\/\/987aldia.com\/web\/wp-json\/wp\/v2\/categories?post=9565"},{"taxonomy":"post_tag","embeddable":true,"href":"https:\/\/987aldia.com\/web\/wp-json\/wp\/v2\/tags?post=9565"}],"curies":[{"name":"wp","href":"https:\/\/api.w.org\/{rel}","templated":true}]}}