{"id":968,"date":"2023-03-26T07:05:46","date_gmt":"2023-03-26T07:05:46","guid":{"rendered":"https:\/\/987aldia.com\/web\/?p=968"},"modified":"2023-03-27T07:20:48","modified_gmt":"2023-03-27T07:20:48","slug":"los-vinos-de-castilla-y-leon-han-conseguido-diez-gran-zarcillo-de-oro-en-la-edicion-de-2023","status":"publish","type":"post","link":"https:\/\/987aldia.com\/web\/los-vinos-de-castilla-y-leon-han-conseguido-diez-gran-zarcillo-de-oro-en-la-edicion-de-2023\/","title":{"rendered":"Los Vinos de Castilla y Le\u00f3n han conseguido diez Gran Zarcillo de oro en la edici\u00f3n de 2023"},"content":{"rendered":"\n<ul class=\"wp-block-list\">\n<li>El Premio VinoFed, que se concede al vino que ha logrado la mayor puntuaci\u00f3n de entre todos los catados, ha correspondido a Adam\u00e1 2005, de Bodegas Adam\u00e1, de la DO Ribera del Duero<\/li>\n\n\n\n<li>El Premio Menci\u00f3n Especial Castilla y Le\u00f3n, para el vino de la Comunidad que consiga la mayor puntuaci\u00f3n, ha sido tambi\u00e9n para Adam\u00e1 2005<\/li>\n\n\n\n<li>El jurado internacional de los Premios Zarcillo 2023 ha otorgado 18 Gran Zarcillo de Oro<\/li>\n\n\n\n<li>La tercera edici\u00f3n del congreso Duero Wine se celebrar\u00e1 en abril del a\u00f1o que viene<\/li>\n<\/ul>\n\n\n\n<p>Rafael S\u00e1ez, director general del Instituto Tecnol\u00f3gico Agrario de Castilla y Le\u00f3n (Itacyl), ha dado a conocer en rueda de prensa el fallo del jurado de la XIX edici\u00f3n de los Premios Zarcillo, cuyas catas se han realizado del 23 al 26 de marzo en Burgos, en el Claustro del Palacio de la Merced, que se ha revelado como un espacio extraordinario para la celebraci\u00f3n de las pruebas sensoriales.<\/p>\n\n\n\n<p>Durante estas cuatro jornadas, un jurado internacional compuesto por noventa catadores ha evaluado las 1.451 muestras presentadas al concurso, de las que 1.093 proceden de Espa\u00f1a y 358 son internacionales, lo que implica que una cuarta parte del total. Recalca la participaci\u00f3n de Portugal con 244 muestras, por lo que se puede afirmar que a presente edici\u00f3n de los Premios Zarcillos ha conseguido el prop\u00f3sito de convertirse en el primer y \u00fanico concurso de vinos de la Pen\u00ednsula Ib\u00e9rica.<\/p>\n\n\n\n<p><strong>Premiados<\/strong><\/p>\n\n\n\n<p>El Premio VinoFed, que se concede al vino que ha obtenido la mayor puntuaci\u00f3n de entre todos los catados, ha pertenecido a Adam\u00e1 2005 de Bodega Adam\u00e1, de la Denominaci\u00f3n de Origen Ribera del Duero, con una valoraci\u00f3n de 98 puntos sobre 100 que, al tratarse de un vino de Castilla y Le\u00f3n, es merecedor tambi\u00e9n de la Menci\u00f3n Especial Castilla y Le\u00f3n.<\/p>\n\n\n\n<p>Tambi\u00e9n, el jurado ha concedido 18 Gran Zarcillo de Oro (ver cuadro adjunto).<\/p>\n\n\n\n<p>De los 18 vinos que han sido galardonados con un Gran Zarcillo de Oro, 13 proceden de Espa\u00f1a y cinco&nbsp;son de otros pa\u00edses: cuatro&nbsp;de Portugal y uno&nbsp;de Australia. De Espa\u00f1a, 10 son de Castilla y Le\u00f3n, uno&nbsp;de Andaluc\u00eda de la DO Montilla- Moriles, uno&nbsp;de Madrid (DO Madrid) y uno&nbsp;de La Rioja (DOCa Rioja).<\/p>\n\n\n\n<p>De Castilla y Le\u00f3n, hay cinco&nbsp;vinos de la DO Ribera del Duero, dos&nbsp;de la DO Toro, dos&nbsp;de la DO Rueda y uno&nbsp;vino de la IGP CyL<\/p>\n\n\n\n<p><strong>Duero Wine<\/strong><\/p>\n\n\n\n<p>Rafael S\u00e1ez, director general del Instituto Tecnol\u00f3gico Agrario de Castilla y Le\u00f3n (Itacyl), tambi\u00e9n ha informado de la celebraci\u00f3n de la tercera edici\u00f3n del Duero International Wine Fest en abril de 2024.<\/p>\n\n\n\n<p>Valorado como el mayor congreso de vinos del centro de Espa\u00f1a, se convertir\u00e1 en punto de encuentro para los principales expertos nacionales e internaciones especializados en diferentes \u00e1mbitos: producci\u00f3n, elaboraci\u00f3n, comercializaci\u00f3n, derecho, salud y vino, etc. El hilo conductor de esta nueva edici\u00f3n permitir\u00e1 profundizar en la calidad de la producci\u00f3n vin\u00edcola de las zonas ba\u00f1adas por el Duero.<\/p>\n\n\n\n<p>Duero International Wine Fest 2024 ejercer\u00e1 como altavoz, impulsando el conocimiento, entre profesionales y amantes de este producto, de los extraordinarios factores naturales de Castilla y Le\u00f3n y Portugal, hermana peninsular, para la elaboraci\u00f3n de un excelente mosaico de vinos de calidad. El congreso ser\u00e1 presidido por Juan Manuel Bellver, director general de Lavinia Espa\u00f1a.<\/p>\n\n\n\n<p><strong>Francisco Rodero<\/strong><\/p>\n\n\n\n<p>El director general del Itacyl no ha querido dejar pasar la oportunidad de se\u00f1alar la figura de Francisco Rodero, fallecido el pasado mi\u00e9rcoles 22 de marzo en Barcelona.<\/p>\n\n\n\n<p>Natural de Pedrosa de Duero (Burgos), Paco Rodero fund\u00f3, junto a su esposa, Pago de los Capellanes, bodega referente de la Ribera del Duero. Era considerado uno de los representantes hist\u00f3ricos de esta denominaci\u00f3n de origen.<\/p>\n\n\n\n<p>Hijo de viticultores, bodeguero y empresario ejemplar, regres\u00f3 a su tierra desde Barcelona donde hab\u00eda emigrado su familia para fundar Pago de los Capellanes en 1996, Luar do Sil en Valdeorras en 2014 y su m\u00e1s reciente proyecto en el sur de la Ribera, Fuentenebro.<\/p>\n","protected":false},"excerpt":{"rendered":"<p>Rafael S\u00e1ez, director general del Instituto Tecnol\u00f3gico Agrario de Castilla y Le\u00f3n (Itacyl), ha dado a conocer en rueda de prensa el fallo del jurado de la XIX edici\u00f3n de los Premios Zarcillo, cuyas catas se han realizado del 23 al 26 de marzo en Burgos, en el Claustro del Palacio de la Merced, que [&hellip;]<\/p>\n","protected":false},"author":1,"featured_media":969,"comment_status":"open","ping_status":"closed","sticky":false,"template":"","format":"standard","meta":{"_monsterinsights_skip_tracking":false,"_monsterinsights_sitenote_active":false,"_monsterinsights_sitenote_note":"","_monsterinsights_sitenote_category":0,"site-container-style":"default","site-container-layout":"default","site-sidebar-layout":"default","disable-article-header":"default","disable-site-header":"default","disable-site-footer":"default","disable-content-area-spacing":"default","_jetpack_memberships_contains_paid_content":false,"footnotes":"","jetpack_publicize_message":"","jetpack_publicize_feature_enabled":true,"jetpack_social_post_already_shared":false,"jetpack_social_options":{"image_generator_settings":{"template":"highway","default_image_id":0,"font":"","enabled":false},"version":2}},"categories":[10],"tags":[],"class_list":["post-968","post","type-post","status-publish","format-standard","has-post-thumbnail","hentry","category-castilla-y-leon"],"jetpack_publicize_connections":[],"jetpack_featured_media_url":"https:\/\/987aldia.com\/web\/wp-content\/uploads\/2023\/03\/klara-kulikova-CPMZguYURMw-unsplash.jpg","jetpack_sharing_enabled":true,"_links":{"self":[{"href":"https:\/\/987aldia.com\/web\/wp-json\/wp\/v2\/posts\/968","targetHints":{"allow":["GET"]}}],"collection":[{"href":"https:\/\/987aldia.com\/web\/wp-json\/wp\/v2\/posts"}],"about":[{"href":"https:\/\/987aldia.com\/web\/wp-json\/wp\/v2\/types\/post"}],"author":[{"embeddable":true,"href":"https:\/\/987aldia.com\/web\/wp-json\/wp\/v2\/users\/1"}],"replies":[{"embeddable":true,"href":"https:\/\/987aldia.com\/web\/wp-json\/wp\/v2\/comments?post=968"}],"version-history":[{"count":1,"href":"https:\/\/987aldia.com\/web\/wp-json\/wp\/v2\/posts\/968\/revisions"}],"predecessor-version":[{"id":970,"href":"https:\/\/987aldia.com\/web\/wp-json\/wp\/v2\/posts\/968\/revisions\/970"}],"wp:featuredmedia":[{"embeddable":true,"href":"https:\/\/987aldia.com\/web\/wp-json\/wp\/v2\/media\/969"}],"wp:attachment":[{"href":"https:\/\/987aldia.com\/web\/wp-json\/wp\/v2\/media?parent=968"}],"wp:term":[{"taxonomy":"category","embeddable":true,"href":"https:\/\/987aldia.com\/web\/wp-json\/wp\/v2\/categories?post=968"},{"taxonomy":"post_tag","embeddable":true,"href":"https:\/\/987aldia.com\/web\/wp-json\/wp\/v2\/tags?post=968"}],"curies":[{"name":"wp","href":"https:\/\/api.w.org\/{rel}","templated":true}]}}