{"id":975,"date":"2023-03-27T12:34:07","date_gmt":"2023-03-27T12:34:07","guid":{"rendered":"https:\/\/987aldia.com\/web\/?p=975"},"modified":"2023-03-28T12:35:59","modified_gmt":"2023-03-28T12:35:59","slug":"el-palacio-de-exposiciones-de-leon-acoge-los-dias-14-y-15-de-abril-la-semana-de-la-prevencion-de-incendios","status":"publish","type":"post","link":"https:\/\/987aldia.com\/web\/el-palacio-de-exposiciones-de-leon-acoge-los-dias-14-y-15-de-abril-la-semana-de-la-prevencion-de-incendios\/","title":{"rendered":"<strong>El Palacio de Exposiciones de Le\u00f3n acoge los d\u00edas 14 y 15 de abril la Semana de la Prevenci\u00f3n de Incendios<\/strong>"},"content":{"rendered":"\n<h2 class=\"wp-block-heading\">Organizada por el Ayuntamiento de Le\u00f3n con la colaboraci\u00f3n de Mapfre y la Asociaci\u00f3n Profesional de T\u00e9cnicos de Bomberos<\/h2>\n\n\n\n<p>El concejal de Bomberos y Protecci\u00f3n Civil, \u00c1lvaro Pola, ha presentado esta ma\u00f1ana la Semana de Prevenci\u00f3n de Incendios que se va a celebrar en el Palacio de Exposiciones de Le\u00f3n los d\u00edas 14 y 15 de abril con el objetivo de concienciar a toda la poblaci\u00f3n, en especial a los m\u00e1s peque\u00f1os, de la importancia de prevenir incendios en los hogares.<\/p>\n\n\n\n<p>As\u00ed lo ha explicado Pola que ha estado acompa\u00f1ado en la presentaci\u00f3n por el jefe de Bomberos de Le\u00f3n, Omar \u00c1lvarez; David Rey, en representaci\u00f3n de Fundaci\u00f3n MAPFRE; Gabriel Mu\u00f1oz, de la Asociaci\u00f3n Profesional de T\u00e9cnicos de Bombero; y Emilio Mart\u00edn de Protecci\u00f3n Civil Le\u00f3n.<\/p>\n\n\n\n<p><strong>500 escolares<\/strong><strong><\/strong><\/p>\n\n\n\n<p>El viernes, 14 de abril, ser\u00e1 el momento de los escolares de la ciudad de Le\u00f3n. Se prev\u00e9 que unos 500 ni\u00f1os y ni\u00f1as puedan disfrutar de las actividades. El s\u00e1bado ser\u00e1 una jornada destinada a un p\u00fablico infantil y familiar.<\/p>\n\n\n\n<p>Durante estas jornadas, los asistentes podr\u00e1n \u2018escapar\u2019 de una vivienda en la que se ha originado un incendio en el simulador hinchable denominada \u2018La Casa de Evacuaci\u00f3n\u2019, dentro del Parque de la Prevenci\u00f3n, aprender a realizar una reanimaci\u00f3n cardiopulmonar (RCP), o a manejar mangueras usadas por los efectivos de extinci\u00f3n.<\/p>\n\n\n\n<p>El Parque de la Prevenci\u00f3n, que se podr\u00e1 visitar en el Palacio de Exposiciones de Le\u00f3n, en la calle G\u00f3mez Salazar, abrir\u00e1 sus puertas de forma gratuita para impulsar la cultura de prevenci\u00f3n de incendios en el hogar. Los bomberos e instructores de APTB impartir\u00e1n talleres para todas las edades, y se repartir\u00e1 material did\u00e1ctico gratuito entre los ni\u00f1os.<\/p>\n\n\n\n<p>Los datos publicados en el Estudio de V\u00edctimas de Incendios de 2021, elaborado por Fundaci\u00f3n MAPFRE y APTB, reflejan que el mayor n\u00famero de fallecidos por incendios en el hogar en Espa\u00f1a se produce por fuegos en el sal\u00f3n o en el dormitorio y, en muchas ocasiones, durante la noche.<\/p>\n\n\n\n<p><strong>Ciudades de toda Espa\u00f1a<\/strong><\/p>\n\n\n\n<p>Desde su creaci\u00f3n, la Semana de la Prevenci\u00f3n de Incendios de Fundaci\u00f3n MAPFRE y APTB ha llegado a cientos de miles de escolares de toda Espa\u00f1a. Para ello, la organizaci\u00f3n ha creado divertidos programas, amenos e instructivos para los ni\u00f1os asistentes. Simuladores, v\u00eddeos educativos y hasta obras de teatro sobre c\u00f3mo actuar en caso de incendio, han sido los ingredientes de esta exitosa iniciativa a nivel nacional.<a><\/a>La Semana de la Prevenci\u00f3n de Incendios recorrer\u00e1 varias ciudades espa\u00f1olas, hasta junio de 2023, como Madrid, Toledo, Salamanca o Albacete, entre otras, ocupando por primera vez en la organizaci\u00f3n de la Semana de la Prevenci\u00f3n de Incendios la totalidad del curso escolar, algo que se pretende extender a futuras ediciones.<\/p>\n","protected":false},"excerpt":{"rendered":"<p>Organizada por el Ayuntamiento de Le\u00f3n con la colaboraci\u00f3n de Mapfre y la Asociaci\u00f3n Profesional de T\u00e9cnicos de Bomberos El concejal de Bomberos y Protecci\u00f3n Civil, \u00c1lvaro Pola, ha presentado esta ma\u00f1ana la Semana de Prevenci\u00f3n de Incendios que se va a celebrar en el Palacio de Exposiciones de Le\u00f3n los d\u00edas 14 y 15 [&hellip;]<\/p>\n","protected":false},"author":1,"featured_media":976,"comment_status":"open","ping_status":"closed","sticky":false,"template":"","format":"standard","meta":{"_monsterinsights_skip_tracking":false,"_monsterinsights_sitenote_active":false,"_monsterinsights_sitenote_note":"","_monsterinsights_sitenote_category":0,"site-container-style":"default","site-container-layout":"default","site-sidebar-layout":"default","disable-article-header":"default","disable-site-header":"default","disable-site-footer":"default","disable-content-area-spacing":"default","_jetpack_memberships_contains_paid_content":false,"footnotes":"","jetpack_publicize_message":"","jetpack_publicize_feature_enabled":true,"jetpack_social_post_already_shared":false,"jetpack_social_options":{"image_generator_settings":{"template":"highway","default_image_id":0,"font":"","enabled":false},"version":2}},"categories":[7],"tags":[],"class_list":["post-975","post","type-post","status-publish","format-standard","has-post-thumbnail","hentry","category-notas-de-prensa"],"jetpack_publicize_connections":[],"jetpack_featured_media_url":"https:\/\/987aldia.com\/web\/wp-content\/uploads\/2023\/03\/photo_2023-03-27_12-59-53.jpg","jetpack_sharing_enabled":true,"_links":{"self":[{"href":"https:\/\/987aldia.com\/web\/wp-json\/wp\/v2\/posts\/975","targetHints":{"allow":["GET"]}}],"collection":[{"href":"https:\/\/987aldia.com\/web\/wp-json\/wp\/v2\/posts"}],"about":[{"href":"https:\/\/987aldia.com\/web\/wp-json\/wp\/v2\/types\/post"}],"author":[{"embeddable":true,"href":"https:\/\/987aldia.com\/web\/wp-json\/wp\/v2\/users\/1"}],"replies":[{"embeddable":true,"href":"https:\/\/987aldia.com\/web\/wp-json\/wp\/v2\/comments?post=975"}],"version-history":[{"count":1,"href":"https:\/\/987aldia.com\/web\/wp-json\/wp\/v2\/posts\/975\/revisions"}],"predecessor-version":[{"id":977,"href":"https:\/\/987aldia.com\/web\/wp-json\/wp\/v2\/posts\/975\/revisions\/977"}],"wp:featuredmedia":[{"embeddable":true,"href":"https:\/\/987aldia.com\/web\/wp-json\/wp\/v2\/media\/976"}],"wp:attachment":[{"href":"https:\/\/987aldia.com\/web\/wp-json\/wp\/v2\/media?parent=975"}],"wp:term":[{"taxonomy":"category","embeddable":true,"href":"https:\/\/987aldia.com\/web\/wp-json\/wp\/v2\/categories?post=975"},{"taxonomy":"post_tag","embeddable":true,"href":"https:\/\/987aldia.com\/web\/wp-json\/wp\/v2\/tags?post=975"}],"curies":[{"name":"wp","href":"https:\/\/api.w.org\/{rel}","templated":true}]}}