{"id":978,"date":"2023-03-27T12:36:31","date_gmt":"2023-03-27T12:36:31","guid":{"rendered":"https:\/\/987aldia.com\/web\/?p=978"},"modified":"2023-03-28T12:37:46","modified_gmt":"2023-03-28T12:37:46","slug":"la-junta-construira-viviendas-de-proteccion-oficial-para-jovenes-en-terrenos-cedidos-por-el-ayuntamiento-de-hospital-de-orbigo","status":"publish","type":"post","link":"https:\/\/987aldia.com\/web\/la-junta-construira-viviendas-de-proteccion-oficial-para-jovenes-en-terrenos-cedidos-por-el-ayuntamiento-de-hospital-de-orbigo\/","title":{"rendered":"La Junta construir\u00e1 viviendas de protecci\u00f3n oficial para j\u00f3venes en terrenos cedidos por el Ayuntamiento de Hospital de \u00d3rbigo"},"content":{"rendered":"\n<h2 class=\"wp-block-heading\"><strong>El alcalde de la Ribera ha mostrado su satisfacci\u00f3n por la noticia dada por el consejero Juan Carlos Su\u00e1rez-Qui\u00f1ones durante la visita que ha realizado al pol\u00edgono industrial de Hospital<\/strong><\/h2>\n\n\n\n<p>La Junta de Castilla y Le\u00f3n construir\u00e1 viviendas de protecci\u00f3n oficial para j\u00f3venes en el solar cedido por el Ayuntamiento de Hospital de \u00d3rbigo. El proyecto, que encaja en las pol\u00edticas de fijaci\u00f3n de poblaci\u00f3n en el medio rural de ambas administraciones, contempla la creaci\u00f3n de 11 pisos en el centro de la localidad.<\/p>\n\n\n\n<p>El Ayuntamiento de la Ribera ha puesto a disposici\u00f3n de la consejer\u00eda de 413,65 metros cuadrados en la Calle R\u00edo Oma\u00f1a paralela al Camino de Santiago, para construir viviendas de un m\u00e1ximo de 60 metros cuadrados. El Consistorio est\u00e1 a la espera que desde el \u00e1rea de Vivienda de la Junta inicien el proceso para ceder el solar.<\/p>\n\n\n\n<p>.<\/p>\n\n\n\n<p>El anuncio se produc\u00eda este lunes durante la visita del consejero de Medio Ambiente, Vivienda y Ordenaci\u00f3n del Territorio, Juan Carlos Su\u00e1rez-Qui\u00f1ones, y el la visita del alcalde de Hospital, Enrique Busto, a la empresa \u2018Log\u00edstica y Servicios J\u00e1\u00f1ez\u2019, en el pol\u00edgono industrial de Hospital de \u00d3rbigo. All\u00ed, el regidor ha agradecido a la consejer\u00eda que est\u00e9 siendo receptiva a la necesidad de vivienda en este n\u00facleo rural y \u201cadem\u00e1s vivienda para j\u00f3venes, por lo que estamos ante una excelente noticia\u201d. Su\u00e1rez-Qui\u00f1ones ha manifestado que \u201cestamos en esa din\u00e1mica de favorecer la implantaci\u00f3n de j\u00f3venes en el medio rural\u201d, y ha recordado el Plan de Vivienda Joven \u2018Tuya\u2019 de la Junta de Castilla y Le\u00f3n, mediante el cual la Junta avalar\u00e1 el 17,5% de la entrada de la compra de vivienda a los menores de 36 a\u00f1os, de manera que podr\u00e1n acceder a una hipoteca aportando una entrada inicial del 2,5% sobre el precio total de la vivienda y no el 20% que exigen las entidades financieras.<\/p>\n","protected":false},"excerpt":{"rendered":"<p>El alcalde de la Ribera ha mostrado su satisfacci\u00f3n por la noticia dada por el consejero Juan Carlos Su\u00e1rez-Qui\u00f1ones durante la visita que ha realizado al pol\u00edgono industrial de Hospital La Junta de Castilla y Le\u00f3n construir\u00e1 viviendas de protecci\u00f3n oficial para j\u00f3venes en el solar cedido por el Ayuntamiento de Hospital de \u00d3rbigo. El [&hellip;]<\/p>\n","protected":false},"author":1,"featured_media":979,"comment_status":"open","ping_status":"closed","sticky":false,"template":"","format":"standard","meta":{"_monsterinsights_skip_tracking":false,"_monsterinsights_sitenote_active":false,"_monsterinsights_sitenote_note":"","_monsterinsights_sitenote_category":0,"site-container-style":"default","site-container-layout":"default","site-sidebar-layout":"default","disable-article-header":"default","disable-site-header":"default","disable-site-footer":"default","disable-content-area-spacing":"default","_jetpack_memberships_contains_paid_content":false,"footnotes":"","jetpack_publicize_message":"","jetpack_publicize_feature_enabled":true,"jetpack_social_post_already_shared":false,"jetpack_social_options":{"image_generator_settings":{"template":"highway","default_image_id":0,"font":"","enabled":false},"version":2}},"categories":[1],"tags":[],"class_list":["post-978","post","type-post","status-publish","format-standard","has-post-thumbnail","hentry","category-uncategorized"],"jetpack_publicize_connections":[],"jetpack_featured_media_url":"https:\/\/987aldia.com\/web\/wp-content\/uploads\/2023\/03\/20230327_131548.jpg","jetpack_sharing_enabled":true,"_links":{"self":[{"href":"https:\/\/987aldia.com\/web\/wp-json\/wp\/v2\/posts\/978","targetHints":{"allow":["GET"]}}],"collection":[{"href":"https:\/\/987aldia.com\/web\/wp-json\/wp\/v2\/posts"}],"about":[{"href":"https:\/\/987aldia.com\/web\/wp-json\/wp\/v2\/types\/post"}],"author":[{"embeddable":true,"href":"https:\/\/987aldia.com\/web\/wp-json\/wp\/v2\/users\/1"}],"replies":[{"embeddable":true,"href":"https:\/\/987aldia.com\/web\/wp-json\/wp\/v2\/comments?post=978"}],"version-history":[{"count":1,"href":"https:\/\/987aldia.com\/web\/wp-json\/wp\/v2\/posts\/978\/revisions"}],"predecessor-version":[{"id":980,"href":"https:\/\/987aldia.com\/web\/wp-json\/wp\/v2\/posts\/978\/revisions\/980"}],"wp:featuredmedia":[{"embeddable":true,"href":"https:\/\/987aldia.com\/web\/wp-json\/wp\/v2\/media\/979"}],"wp:attachment":[{"href":"https:\/\/987aldia.com\/web\/wp-json\/wp\/v2\/media?parent=978"}],"wp:term":[{"taxonomy":"category","embeddable":true,"href":"https:\/\/987aldia.com\/web\/wp-json\/wp\/v2\/categories?post=978"},{"taxonomy":"post_tag","embeddable":true,"href":"https:\/\/987aldia.com\/web\/wp-json\/wp\/v2\/tags?post=978"}],"curies":[{"name":"wp","href":"https:\/\/api.w.org\/{rel}","templated":true}]}}