{"id":9950,"date":"2025-10-10T04:05:56","date_gmt":"2025-10-10T02:05:56","guid":{"rendered":"https:\/\/987aldia.com\/web\/comienza-el-nuevo-curso-en-el-bierzo-con-la-participacion-de-mil-alumnos-en-el-ambito-de-la-medicina\/"},"modified":"2025-10-10T04:05:56","modified_gmt":"2025-10-10T02:05:56","slug":"comienza-el-nuevo-curso-en-el-bierzo-con-la-participacion-de-mil-alumnos-en-el-ambito-de-la-medicina","status":"publish","type":"post","link":"https:\/\/987aldia.com\/web\/comienza-el-nuevo-curso-en-el-bierzo-con-la-participacion-de-mil-alumnos-en-el-ambito-de-la-medicina\/","title":{"rendered":"\u00abComienza el nuevo curso en el Bierzo con la participaci\u00f3n de mil alumnos en el \u00e1mbito de la medicina\u00bb"},"content":{"rendered":"<p>Este lunes, el Campus de Ponferrada ha dado inicio al nuevo curso acad\u00e9mico con la presencia de la rectora Nuria Gonz\u00e1lez, quien ha encabezado el acto de apertura acompa\u00f1ada por cerca de mil estudiantes. La jornada estuvo marcada por la pol\u00e9mica en torno al Grado de Medicina, cuya implementaci\u00f3n en la universidad ha generado debates y opiniones encontradas.<\/p>\n<p>El ambiente en el campus era de expectaci\u00f3n y entusiasmo, con un notable aumento de la matr\u00edcula en comparaci\u00f3n con a\u00f1os anteriores. Los alumnos, \u00e1vidos de comenzar sus estudios, se mostraban ilusionados por formar parte de esta nueva etapa acad\u00e9mica.<\/p>\n<p>Sin embargo, la sombra de la controversia sobre el Grado de Medicina planeaba sobre el evento. Algunos sectores de la comunidad universitaria expresaron su preocupaci\u00f3n por la calidad de la formaci\u00f3n y los recursos disponibles para llevar a cabo esta titulaci\u00f3n. A pesar de las cr\u00edticas, la rectora Gonz\u00e1lez destac\u00f3 el compromiso de la instituci\u00f3n por ofrecer una educaci\u00f3n de excelencia y brindar todas las herramientas necesarias para el desarrollo acad\u00e9mico de los estudiantes.<\/p>\n<p>Con el inicio del curso, se espera que la comunidad universitaria del Bierzo se sumerja en un a\u00f1o lleno de retos y oportunidades, donde la formaci\u00f3n en Medicina ocupar\u00e1 un lugar central en la agenda acad\u00e9mica. La incertidumbre y la expectaci\u00f3n marcar\u00e1n el devenir de los pr\u00f3ximos meses, en los que la universidad deber\u00e1 demostrar su capacidad para adaptarse a los desaf\u00edos del presente y del futuro.<\/p>\n","protected":false},"excerpt":{"rendered":"<p>Este lunes, el Campus de Ponferrada ha dado inicio al nuevo curso acad\u00e9mico con la presencia de la rectora Nuria Gonz\u00e1lez, quien ha encabezado el acto de apertura acompa\u00f1ada por cerca de mil estudiantes. La jornada estuvo marcada por la pol\u00e9mica en torno al Grado de Medicina, cuya implementaci\u00f3n en la universidad ha generado debates [&hellip;]<\/p>\n","protected":false},"author":1,"featured_media":9951,"comment_status":"open","ping_status":"closed","sticky":false,"template":"","format":"standard","meta":{"_monsterinsights_skip_tracking":false,"_monsterinsights_sitenote_active":false,"_monsterinsights_sitenote_note":"","_monsterinsights_sitenote_category":0,"site-container-style":"default","site-container-layout":"default","site-sidebar-layout":"default","disable-article-header":"default","disable-site-header":"default","disable-site-footer":"default","disable-content-area-spacing":"default","_jetpack_memberships_contains_paid_content":false,"footnotes":"","jetpack_publicize_message":"","jetpack_publicize_feature_enabled":true,"jetpack_social_post_already_shared":true,"jetpack_social_options":{"image_generator_settings":{"template":"highway","default_image_id":0,"font":"","enabled":false},"version":2}},"categories":[1],"tags":[],"class_list":["post-9950","post","type-post","status-publish","format-standard","has-post-thumbnail","hentry","category-uncategorized"],"jetpack_publicize_connections":[],"jetpack_featured_media_url":"https:\/\/987aldia.com\/web\/wp-content\/uploads\/2025\/10\/openai-image-1760061956.png","jetpack_sharing_enabled":true,"_links":{"self":[{"href":"https:\/\/987aldia.com\/web\/wp-json\/wp\/v2\/posts\/9950","targetHints":{"allow":["GET"]}}],"collection":[{"href":"https:\/\/987aldia.com\/web\/wp-json\/wp\/v2\/posts"}],"about":[{"href":"https:\/\/987aldia.com\/web\/wp-json\/wp\/v2\/types\/post"}],"author":[{"embeddable":true,"href":"https:\/\/987aldia.com\/web\/wp-json\/wp\/v2\/users\/1"}],"replies":[{"embeddable":true,"href":"https:\/\/987aldia.com\/web\/wp-json\/wp\/v2\/comments?post=9950"}],"version-history":[{"count":0,"href":"https:\/\/987aldia.com\/web\/wp-json\/wp\/v2\/posts\/9950\/revisions"}],"wp:featuredmedia":[{"embeddable":true,"href":"https:\/\/987aldia.com\/web\/wp-json\/wp\/v2\/media\/9951"}],"wp:attachment":[{"href":"https:\/\/987aldia.com\/web\/wp-json\/wp\/v2\/media?parent=9950"}],"wp:term":[{"taxonomy":"category","embeddable":true,"href":"https:\/\/987aldia.com\/web\/wp-json\/wp\/v2\/categories?post=9950"},{"taxonomy":"post_tag","embeddable":true,"href":"https:\/\/987aldia.com\/web\/wp-json\/wp\/v2\/tags?post=9950"}],"curies":[{"name":"wp","href":"https:\/\/api.w.org\/{rel}","templated":true}]}}