{"id":9964,"date":"2025-10-10T18:05:35","date_gmt":"2025-10-10T16:05:35","guid":{"rendered":"https:\/\/987aldia.com\/web\/luis-alija-presenta-su-version-de-la-balada-del-norte-en-el-bergidum\/"},"modified":"2025-10-10T18:05:35","modified_gmt":"2025-10-10T16:05:35","slug":"luis-alija-presenta-su-version-de-la-balada-del-norte-en-el-bergidum","status":"publish","type":"post","link":"https:\/\/987aldia.com\/web\/luis-alija-presenta-su-version-de-la-balada-del-norte-en-el-bergidum\/","title":{"rendered":"Luis Alija presenta su versi\u00f3n de &#8216;La balada del norte&#8217; en el Bergidum."},"content":{"rendered":"<p>El reconocido director teatral Luis Alija sorprendi\u00f3 a la audiencia del teatro Bergidum con su adaptaci\u00f3n de la aclamada novela &#8216;La balada del norte&#8217;. La puesta en escena, que se estren\u00f3 con gran \u00e9xito, promete cautivar a los espectadores los pr\u00f3ximos d\u00edas 17 y 18 de octubre.<\/p>\n<p>Con una cuidadosa selecci\u00f3n de actores y una puesta en escena innovadora, Alija ha logrado llevar a la vida esta apasionante historia de la literatura. La combinaci\u00f3n de talento actoral, escenograf\u00eda y efectos especiales transporta al p\u00fablico a un mundo lleno de emociones y suspenso.<\/p>\n<p>Los asistentes al Bergidum han elogiado la adaptaci\u00f3n de Alija, destacando la fidelidad a la esencia de la novela original y el impacto emocional que logra transmitir la obra. La expectaci\u00f3n por las pr\u00f3ximas funciones ha crecido exponencialmente, convirtiendo este evento teatral en uno de los m\u00e1s esperados de la temporada.<\/p>\n<p>Sin duda, la adaptaci\u00f3n de &#8216;La balada del norte&#8217; por Luis Alija se perfila como un hito en el mundo de las artes esc\u00e9nicas, consolidando su reputaci\u00f3n como uno de los directores m\u00e1s talentosos y creativos de la actualidad.<\/p>\n","protected":false},"excerpt":{"rendered":"<p>El reconocido director teatral Luis Alija sorprendi\u00f3 a la audiencia del teatro Bergidum con su adaptaci\u00f3n de la aclamada novela &#8216;La balada del norte&#8217;. La puesta en escena, que se estren\u00f3 con gran \u00e9xito, promete cautivar a los espectadores los pr\u00f3ximos d\u00edas 17 y 18 de octubre. Con una cuidadosa selecci\u00f3n de actores y una [&hellip;]<\/p>\n","protected":false},"author":1,"featured_media":9965,"comment_status":"open","ping_status":"closed","sticky":false,"template":"","format":"standard","meta":{"_monsterinsights_skip_tracking":false,"_monsterinsights_sitenote_active":false,"_monsterinsights_sitenote_note":"","_monsterinsights_sitenote_category":0,"site-container-style":"default","site-container-layout":"default","site-sidebar-layout":"default","disable-article-header":"default","disable-site-header":"default","disable-site-footer":"default","disable-content-area-spacing":"default","_jetpack_memberships_contains_paid_content":false,"footnotes":"","jetpack_publicize_message":"","jetpack_publicize_feature_enabled":true,"jetpack_social_post_already_shared":true,"jetpack_social_options":{"image_generator_settings":{"template":"highway","default_image_id":0,"font":"","enabled":false},"version":2}},"categories":[1],"tags":[],"class_list":["post-9964","post","type-post","status-publish","format-standard","has-post-thumbnail","hentry","category-uncategorized"],"jetpack_publicize_connections":[],"jetpack_featured_media_url":"https:\/\/987aldia.com\/web\/wp-content\/uploads\/2025\/10\/openai-image-1760112335.png","jetpack_sharing_enabled":true,"_links":{"self":[{"href":"https:\/\/987aldia.com\/web\/wp-json\/wp\/v2\/posts\/9964","targetHints":{"allow":["GET"]}}],"collection":[{"href":"https:\/\/987aldia.com\/web\/wp-json\/wp\/v2\/posts"}],"about":[{"href":"https:\/\/987aldia.com\/web\/wp-json\/wp\/v2\/types\/post"}],"author":[{"embeddable":true,"href":"https:\/\/987aldia.com\/web\/wp-json\/wp\/v2\/users\/1"}],"replies":[{"embeddable":true,"href":"https:\/\/987aldia.com\/web\/wp-json\/wp\/v2\/comments?post=9964"}],"version-history":[{"count":0,"href":"https:\/\/987aldia.com\/web\/wp-json\/wp\/v2\/posts\/9964\/revisions"}],"wp:featuredmedia":[{"embeddable":true,"href":"https:\/\/987aldia.com\/web\/wp-json\/wp\/v2\/media\/9965"}],"wp:attachment":[{"href":"https:\/\/987aldia.com\/web\/wp-json\/wp\/v2\/media?parent=9964"}],"wp:term":[{"taxonomy":"category","embeddable":true,"href":"https:\/\/987aldia.com\/web\/wp-json\/wp\/v2\/categories?post=9964"},{"taxonomy":"post_tag","embeddable":true,"href":"https:\/\/987aldia.com\/web\/wp-json\/wp\/v2\/tags?post=9964"}],"curies":[{"name":"wp","href":"https:\/\/api.w.org\/{rel}","templated":true}]}}