{"id":998,"date":"2023-03-27T12:46:14","date_gmt":"2023-03-27T12:46:14","guid":{"rendered":"https:\/\/987aldia.com\/web\/?p=998"},"modified":"2023-03-28T12:49:33","modified_gmt":"2023-03-28T12:49:33","slug":"faustino-sanchez-hace-balance-de-la-repercusion-en-leon-del-plan-de-recuperacion-transformacion-y-resiliencia-y-de-las-politicas-sociales-impulsadas-por-el-gobierno-de-espana","status":"publish","type":"post","link":"https:\/\/987aldia.com\/web\/faustino-sanchez-hace-balance-de-la-repercusion-en-leon-del-plan-de-recuperacion-transformacion-y-resiliencia-y-de-las-politicas-sociales-impulsadas-por-el-gobierno-de-espana\/","title":{"rendered":"<strong>Faustino S\u00e1nchez hace balance de la repercusi\u00f3n en Le\u00f3n del Plan de Recuperaci\u00f3n, Transformaci\u00f3n y Resiliencia y de las pol\u00edticas sociales impulsadas por el Gobierno de Espa\u00f1a<\/strong>"},"content":{"rendered":"\n<p><strong>27 de marzo de 2023.- <\/strong>El subdelegado del Gobierno en Le\u00f3n, Faustino S\u00e1nchez Samartino, presenta ma\u00f1ana <strong>martes, 28 de marzo<\/strong>, el balance de actuaciones e inversiones desarrolladas en la provincia de Le\u00f3n en el marco del Plan de Recuperaci\u00f3n, Transformaci\u00f3n&nbsp; Resiliencia.<\/p>\n\n\n\n<p>Faustino S\u00e1nchez abordar\u00e1 tambi\u00e9n la incidencia que las pol\u00edticas sociales impulsadas por el Gobierno de Espa\u00f1a est\u00e1n teniendo en Le\u00f3n.<\/p>\n\n\n\n<figure class=\"wp-block-gallery has-nested-images columns-default is-cropped wp-block-gallery-1 is-layout-flex wp-block-gallery-is-layout-flex\">\n<figure class=\"wp-block-image size-large\"><img fetchpriority=\"high\" decoding=\"async\" width=\"677\" height=\"261\" data-id=\"999\" src=\"https:\/\/987aldia.com\/web\/wp-content\/uploads\/2023\/03\/Captura-de-pantalla-2023-03-28-144814.png\" alt=\"\" class=\"wp-image-999\" srcset=\"https:\/\/987aldia.com\/web\/wp-content\/uploads\/2023\/03\/Captura-de-pantalla-2023-03-28-144814.png 677w, https:\/\/987aldia.com\/web\/wp-content\/uploads\/2023\/03\/Captura-de-pantalla-2023-03-28-144814-300x116.png 300w\" sizes=\"(max-width: 677px) 100vw, 677px\" \/><\/figure>\n<\/figure>\n","protected":false},"excerpt":{"rendered":"<p>27 de marzo de 2023.- El subdelegado del Gobierno en Le\u00f3n, Faustino S\u00e1nchez Samartino, presenta ma\u00f1ana martes, 28 de marzo, el balance de actuaciones e inversiones desarrolladas en la provincia de Le\u00f3n en el marco del Plan de Recuperaci\u00f3n, Transformaci\u00f3n&nbsp; Resiliencia. Faustino S\u00e1nchez abordar\u00e1 tambi\u00e9n la incidencia que las pol\u00edticas sociales impulsadas por el Gobierno [&hellip;]<\/p>\n","protected":false},"author":1,"featured_media":1000,"comment_status":"open","ping_status":"closed","sticky":false,"template":"","format":"standard","meta":{"_monsterinsights_skip_tracking":false,"_monsterinsights_sitenote_active":false,"_monsterinsights_sitenote_note":"","_monsterinsights_sitenote_category":0,"site-container-style":"default","site-container-layout":"default","site-sidebar-layout":"default","disable-article-header":"default","disable-site-header":"default","disable-site-footer":"default","disable-content-area-spacing":"default","_jetpack_memberships_contains_paid_content":false,"footnotes":"","jetpack_publicize_message":"","jetpack_publicize_feature_enabled":true,"jetpack_social_post_already_shared":false,"jetpack_social_options":{"image_generator_settings":{"template":"highway","default_image_id":0,"font":"","enabled":false},"version":2}},"categories":[7],"tags":[],"class_list":["post-998","post","type-post","status-publish","format-standard","has-post-thumbnail","hentry","category-notas-de-prensa"],"jetpack_publicize_connections":[],"jetpack_featured_media_url":"https:\/\/987aldia.com\/web\/wp-content\/uploads\/2023\/03\/Sin-titulo-1.jpg","jetpack_sharing_enabled":true,"_links":{"self":[{"href":"https:\/\/987aldia.com\/web\/wp-json\/wp\/v2\/posts\/998","targetHints":{"allow":["GET"]}}],"collection":[{"href":"https:\/\/987aldia.com\/web\/wp-json\/wp\/v2\/posts"}],"about":[{"href":"https:\/\/987aldia.com\/web\/wp-json\/wp\/v2\/types\/post"}],"author":[{"embeddable":true,"href":"https:\/\/987aldia.com\/web\/wp-json\/wp\/v2\/users\/1"}],"replies":[{"embeddable":true,"href":"https:\/\/987aldia.com\/web\/wp-json\/wp\/v2\/comments?post=998"}],"version-history":[{"count":1,"href":"https:\/\/987aldia.com\/web\/wp-json\/wp\/v2\/posts\/998\/revisions"}],"predecessor-version":[{"id":1001,"href":"https:\/\/987aldia.com\/web\/wp-json\/wp\/v2\/posts\/998\/revisions\/1001"}],"wp:featuredmedia":[{"embeddable":true,"href":"https:\/\/987aldia.com\/web\/wp-json\/wp\/v2\/media\/1000"}],"wp:attachment":[{"href":"https:\/\/987aldia.com\/web\/wp-json\/wp\/v2\/media?parent=998"}],"wp:term":[{"taxonomy":"category","embeddable":true,"href":"https:\/\/987aldia.com\/web\/wp-json\/wp\/v2\/categories?post=998"},{"taxonomy":"post_tag","embeddable":true,"href":"https:\/\/987aldia.com\/web\/wp-json\/wp\/v2\/tags?post=998"}],"curies":[{"name":"wp","href":"https:\/\/api.w.org\/{rel}","templated":true}]}}